{"headers": {"id": "ID", "ano": "Ano", "numero": "N\u00famero", "tipo__sigla": "Tipo de Mat\u00e9ria Legislativa/Sigla", "tipo__descricao": "Tipo de Mat\u00e9ria Legislativa/Descri\u00e7\u00e3o", "autoria": "Autorias", "texto_original": "Texto Original", "ementa": "Ementa"}, "results": [{"id": "586", "ano": "2026", "numero": "1", "tipo__sigla": "PL", "tipo__descricao": "Projeto de Lei - Poder Legislativo", "autoria": "", "texto_original": "http://sapl.comodoro.mt.leg.br/media/", "ementa": "Disp\u00f5e sobre a declara\u00e7\u00e3o de utilidade p\u00fablica \u00e0 Associa\u00e7\u00e3o Waniden\u2019du das Mulheres Ind\u00edgenas Mamaind\u00ea - AMIM."}, {"id": "587", "ano": "2026", "numero": "2", "tipo__sigla": "PL", "tipo__descricao": "Projeto de Lei - Poder Legislativo", "autoria": "", "texto_original": "http://sapl.comodoro.mt.leg.br/media/sapl/public/materialegislativa/2026/587/projeto_de_lei_n_02-2026_de_04.02.2026_-_legislativo.pdf", "ementa": "Disp\u00f5e sobre a declara\u00e7\u00e3o de utilidade p\u00fablica \u00e0 Associa\u00e7\u00e3o dos Pequenos Produtores Rurais da Gleba 13 de maio."}, {"id": "588", "ano": "2026", "numero": "3", "tipo__sigla": "PL", "tipo__descricao": "Projeto de Lei - Poder Legislativo", "autoria": "", "texto_original": "http://sapl.comodoro.mt.leg.br/media/sapl/public/materialegislativa/2026/588/projeto_de_lei_n_03-2026_de_09.02.2026_-_legislativo.pdf", "ementa": "Reconhece, no \u00e2mbito do Munic\u00edpio de Comodoro, a celebra\u00e7\u00e3o do Dia de Nossa Senhora da Concei\u00e7\u00e3o e a inclui no Calend\u00e1rio Oficial de Eventos Municipais."}, {"id": "589", "ano": "2026", "numero": "4", "tipo__sigla": "PL", "tipo__descricao": "Projeto de Lei - Poder Legislativo", "autoria": "", "texto_original": "http://sapl.comodoro.mt.leg.br/media/sapl/public/materialegislativa/2026/589/projeto_de_lei_n_04-2026_de_13.02.2026_-_legislativo.pdf", "ementa": "Disp\u00f5e sobre a declara\u00e7\u00e3o de utilidade p\u00fablica \u00e0 Igreja Evang\u00e9lica Assembleia de Deus de Comodoro/MT."}, {"id": "590", "ano": "2026", "numero": "1", "tipo__sigla": "PLE", "tipo__descricao": "Projeto de Lei - Poder Executivo", "autoria": "", "texto_original": "http://sapl.comodoro.mt.leg.br/media/sapl/public/materialegislativa/2026/590/projeto_de_lei_n_01-2026_de_12.01.2026.pdf", "ementa": "Institui o Programa de Recupera\u00e7\u00e3o Fiscal no Munic\u00edpio de Comodoro \u2013 REFIS 2026, em conformidade com o inciso VII, do art. 7\u00ba, do C\u00f3digo Tribut\u00e1rio Municipal e art. 156, IV e art. 172, ambos do C\u00f3digo Tribut\u00e1rio Nacional, e d\u00e1 outras provid\u00eancias"}, {"id": "591", "ano": "2026", "numero": "3", "tipo__sigla": "PLE", "tipo__descricao": "Projeto de Lei - Poder Executivo", "autoria": "", "texto_original": "http://sapl.comodoro.mt.leg.br/media/sapl/public/materialegislativa/2026/591/projeto_de_lei_n_03-2026_de_20.01.2026.pdf", "ementa": "Autoriza a cria\u00e7\u00e3o de vagas de provimento efetivo e a contrata\u00e7\u00e3o de servidores p\u00fablicos em atendimento \u00e0 Secretaria Municipal de Sa\u00fade, para atender a necessidade tempor\u00e1ria e de excepcional interesse e d\u00e1 outras provid\u00eancias."}, {"id": "592", "ano": "2026", "numero": "4", "tipo__sigla": "PLE", "tipo__descricao": "Projeto de Lei - Poder Executivo", "autoria": "", "texto_original": "http://sapl.comodoro.mt.leg.br/media/sapl/public/materialegislativa/2026/592/projeto_de_lei_n_04-2026_de_27.01.2026.pdf", "ementa": "Disp\u00f5e sobre a institui\u00e7\u00e3o do programa municipal de parcerias p\u00fablico-privadas no \u00e2mbito da administra\u00e7\u00e3o p\u00fablica municipal de Comodoro - MT, e d\u00e1 outras provid\u00eancias."}, {"id": "593", "ano": "2026", "numero": "5", "tipo__sigla": "PLE", "tipo__descricao": "Projeto de Lei - Poder Executivo", "autoria": "", "texto_original": "http://sapl.comodoro.mt.leg.br/media/sapl/public/materialegislativa/2026/593/projeto_de_lei_n_05-2026_de_02.02.2026.pdf", "ementa": "Altera os anexos VIII, IX, X e XI, da Lei Municipal n. 2.120/2025, alterando tamb\u00e9m os anexos respectivos do Plano de Cargos, Carreiras e Vencimento (Lei Municipal n\u00b0 1.330/2011), concede reajuste nas classes e n\u00edveis, em decorr\u00eancia da mudan\u00e7a do sal\u00e1rio m\u00ednimo e d\u00e1 outras provid\u00eancias, com fundamento no art. 37, inciso X, da Constitui\u00e7\u00e3o Federal e d\u00e1 outras provid\u00eancias."}, {"id": "594", "ano": "2026", "numero": "6", "tipo__sigla": "PLE", "tipo__descricao": "Projeto de Lei - Poder Executivo", "autoria": "", "texto_original": "http://sapl.comodoro.mt.leg.br/media/sapl/public/materialegislativa/2026/594/projeto_de_lei_n_06-2026_de_03.02.2026.pdf", "ementa": "Altera os anexos II e III da Lei Municipal n.\u00ba 2.119/2025, alterando tamb\u00e9m os anexos respectivos do Plano de Cargos, Carreiras e Vencimento (Lei Municipal n\u00b0 1.327/2011) concedendo o reajuste salarial aos Agentes Comunit\u00e1rios de Sa\u00fade e Agentes de Combate a Endemias, Auxiliar de Laborat\u00f3rio e Auxiliar de Farm\u00e1cia em decorr\u00eancia da mudan\u00e7a do sal\u00e1rio m\u00ednimo nacional, altera o art. 12 da Lei 1.327/2011 e d\u00e1 outras provid\u00eancias."}, {"id": "595", "ano": "2026", "numero": "7", "tipo__sigla": "PLE", "tipo__descricao": "Projeto de Lei - Poder Executivo", "autoria": "", "texto_original": "http://sapl.comodoro.mt.leg.br/media/sapl/public/materialegislativa/2026/595/projeto_de_lei_n_07-2026_de_04.02.2026.pdf", "ementa": "Altera os anexos II, III e V, da Lei Municipal n.\u00ba 2.117, de 25 de mar\u00e7o de 2025, alterando tamb\u00e9m os anexos do Plano de Cargos, Carreiras e Vencimentos (Lei n. 1.326/2011), concedendo reajuste salarial em decorr\u00eancia da mudan\u00e7a do sal\u00e1rio m\u00ednimo, reajusta a remunera\u00e7\u00e3o dos motoristas de ve\u00edculos leves e motoristas de ve\u00edculos pesados, altera a reda\u00e7\u00e3o do art. 12, da Lei n. 1.326/2011, e d\u00e1 outras provid\u00eancias."}, {"id": "596", "ano": "2026", "numero": "8", "tipo__sigla": "PLE", "tipo__descricao": "Projeto de Lei - Poder Executivo", "autoria": "", "texto_original": "http://sapl.comodoro.mt.leg.br/media/sapl/public/materialegislativa/2026/596/projeto_de_lei_n_08-2026_de_11.02.2026.pdf", "ementa": "Revoga o Anexo III-A da Lei Municipal 1.326/2011 e o Anexo VIII-A da Lei Municipal n. 1.330/2011 promovendo o reenquadramento de servidores p\u00fablicos de n\u00edvel fundamental, e d\u00e1 outras provid\u00eancias."}, {"id": "597", "ano": "2026", "numero": "9", "tipo__sigla": "PLE", "tipo__descricao": "Projeto de Lei - Poder Executivo", "autoria": "", "texto_original": "http://sapl.comodoro.mt.leg.br/media/sapl/public/materialegislativa/2026/597/projeto_de_lei_n_09-2026_de_11.02.2026.pdf", "ementa": "Autoriza a desafeta\u00e7\u00e3o de im\u00f3vel p\u00fablico municipal denominado Reserva 02, localizado na Quadra 016, do Bairro Cidade Verde, para fins de regulariza\u00e7\u00e3o fundi\u00e1ria de interesse espec\u00edfico, e d\u00e1 outras provid\u00eancias."}, {"id": "581", "ano": "2026", "numero": "1", "tipo__sigla": "PS", "tipo__descricao": "Pauta das Sess\u00f5es", "autoria": "", "texto_original": "http://sapl.comodoro.mt.leg.br/media/sapl/public/materialegislativa/2026/581/1o_sessao_ordinaria_2026.pdf", "ementa": "Pauta para a 1\u00aa (Primeira) Sess\u00e3o Ordin\u00e1ria, do 1\u00ba Semestre do 2\u00ba Per\u00edodo Legislativo de 2026."}, {"id": "582", "ano": "2026", "numero": "2", "tipo__sigla": "PS", "tipo__descricao": "Pauta das Sess\u00f5es", "autoria": "", "texto_original": "http://sapl.comodoro.mt.leg.br/media/sapl/public/materialegislativa/2026/582/2_sessao_ordinaria_2026.pdf", "ementa": "Pauta para a 2\u00aa (Segunda) Sess\u00e3o Ordin\u00e1ria, do 1\u00ba Semestre do 2\u00ba Per\u00edodo Legislativo de 2026."}, {"id": "583", "ano": "2026", "numero": "3", "tipo__sigla": "PS", "tipo__descricao": "Pauta das Sess\u00f5es", "autoria": "", "texto_original": "http://sapl.comodoro.mt.leg.br/media/sapl/public/materialegislativa/2026/583/3_sessao_ordinaria_2026.pdf", "ementa": "Pauta para a 3\u00aa (Terceira) Sess\u00e3o Ordin\u00e1ria, do 1\u00ba Semestre do 2\u00ba Per\u00edodo Legislativo de 2026."}, {"id": "580", "ano": "2026", "numero": "4", "tipo__sigla": "PS", "tipo__descricao": "Pauta das Sess\u00f5es", "autoria": "", "texto_original": "http://sapl.comodoro.mt.leg.br/media/sapl/public/materialegislativa/2026/580/4_sessao_ordinaria_1_semestre_-_2026_2_per.leg_2026..pdf", "ementa": "Pauta para a 4\u00aa (Quarta) Sess\u00e3o Ordin\u00e1ria, do 1\u00ba Semestre do 2\u00ba Per\u00edodo Legislativo de 2026."}, {"id": "584", "ano": "2026", "numero": "5", "tipo__sigla": "PS", "tipo__descricao": "Pauta das Sess\u00f5es", "autoria": "", "texto_original": "http://sapl.comodoro.mt.leg.br/media/sapl/public/materialegislativa/2026/584/5_sessao_ordinaria_1_semestre_-_2026_1.pdf", "ementa": "Pauta para a 5\u00aa (Quinta) Sess\u00e3o Ordin\u00e1ria, do 1\u00ba Semestre do 2\u00ba Per\u00edodo Legislativo de 2026."}, {"id": "585", "ano": "2026", "numero": "6", "tipo__sigla": "PS", "tipo__descricao": "Pauta das Sess\u00f5es", "autoria": "", "texto_original": "http://sapl.comodoro.mt.leg.br/media/sapl/public/materialegislativa/2026/585/6_sessao_ordinaria_1_semestre_-_2026..pdf", "ementa": "Pauta para a 6\u00aa (Sexta) Sess\u00e3o Ordin\u00e1ria, do 1\u00ba Semestre do 2\u00ba Per\u00edodo Legislativo de 2026."}]}