{"headers": {"id": "ID", "ano": "Ano", "numero": "N\u00famero", "tipo__sigla": "Tipo de Mat\u00e9ria Legislativa/Sigla", "tipo__descricao": "Tipo de Mat\u00e9ria Legislativa/Descri\u00e7\u00e3o", "autoria": "Autorias", "texto_original": "Texto Original", "ementa": "Ementa"}, "results": [{"id": "36", "ano": "2022", "numero": "1", "tipo__sigla": "PL", "tipo__descricao": "Projeto de Lei - Poder Legislativo", "autoria": "Mesa Diretora", "texto_original": "http://sapl.comodoro.mt.leg.br/media/sapl/public/materialegislativa/2022/36/pl_no._01-2022_legislativo.pdf", "ementa": "\"Altera a reda\u00e7\u00e3o dos \u00a7\u00a7 1\u00ba, 2\u00ba e 3\u00ba do art. 46 da Lei Municipal n\u00ba 1.257/2010, e d\u00e1 outras provid\u00eancias.\""}, {"id": "37", "ano": "2022", "numero": "2", "tipo__sigla": "PL", "tipo__descricao": "Projeto de Lei - Poder Legislativo", "autoria": "Mesa Diretora", "texto_original": "http://sapl.comodoro.mt.leg.br/media/sapl/public/materialegislativa/2022/37/pl_no._02-2022_legislativo.pdf", "ementa": "\"Disp\u00f5e sobre a declara\u00e7\u00e3o de utilidade p\u00fablica \u00e0 Associa\u00e7\u00e3o Desportiva Comodorense - ADEC.\""}, {"id": "38", "ano": "2022", "numero": "3", "tipo__sigla": "PL", "tipo__descricao": "Projeto de Lei - Poder Legislativo", "autoria": "Paulo Bezerra", "texto_original": "http://sapl.comodoro.mt.leg.br/media/sapl/public/materialegislativa/2022/38/pl_no._03-2022_legislativo.pdf", "ementa": "\"Institui o \"Dia dos Surdos\" no Munic\u00edpio de Comodoro/MT e d\u00e1 outras provid\u00eancias.\""}, {"id": "39", "ano": "2022", "numero": "4", "tipo__sigla": "PL", "tipo__descricao": "Projeto de Lei - Poder Legislativo", "autoria": "Mesa Diretora", "texto_original": "http://sapl.comodoro.mt.leg.br/media/sapl/public/materialegislativa/2022/39/pl_no._04-2022_legislativo.pdf", "ementa": "\"Pro\u00edbe o manuseio, a utiliza\u00e7\u00e3o, a queima e a soltura de fogos de estampidos e de artif\u00edcios, assim como de quaisquer artefatos pirot\u00e9cnicos de efeito sonoro ruidoso no munic\u00edpio de Comodoro, e d\u00e1 outras provid\u00eancias.\""}, {"id": "228", "ano": "2022", "numero": "5", "tipo__sigla": "PL", "tipo__descricao": "Projeto de Lei - Poder Legislativo", "autoria": "Eliano Bridi, Gleyce", "texto_original": "http://sapl.comodoro.mt.leg.br/media/sapl/public/materialegislativa/2022/228/camscanner_24-04-2024_09.32.pdf", "ementa": "\u201cAltera a reda\u00e7\u00e3o do art. 9\u00ba, al\u00ednea \u201ce\u201d, da Lei Municipal n\u00ba 1.504, de 25 de abril de 2014, e d\u00e1 outras provid\u00eancias.\u201d"}, {"id": "229", "ano": "2022", "numero": "6", "tipo__sigla": "PL", "tipo__descricao": "Projeto de Lei - Poder Legislativo", "autoria": "Gleyce", "texto_original": "http://sapl.comodoro.mt.leg.br/media/sapl/public/materialegislativa/2022/229/camscanner_24-04-2024_09.32_1-3-4.pdf", "ementa": "\u201cDisp\u00f5e sobre a concess\u00e3o de d\u00e9cimo terceiro sal\u00e1rio aos Vereadores da C\u00e2mara Municipal de Comodoro e d\u00e1 outras provid\u00eancias\"."}, {"id": "40", "ano": "2022", "numero": "7", "tipo__sigla": "PL", "tipo__descricao": "Projeto de Lei - Poder Legislativo", "autoria": "Gleyce", "texto_original": "http://sapl.comodoro.mt.leg.br/media/sapl/public/materialegislativa/2022/40/pl_no._07-2022_legislativo.pdf", "ementa": "\"Revoga o inciso IV do art. 3\u00ba e altera o art. 13, ambos da Lei Municipal n\u00ba 1.701/2017, e d\u00e1 outras provid\u00eancias.\""}, {"id": "46", "ano": "2022", "numero": "8", "tipo__sigla": "PL", "tipo__descricao": "Projeto de Lei - Poder Legislativo", "autoria": "Alan Viotto, Wender Bier", "texto_original": "http://sapl.comodoro.mt.leg.br/media/sapl/public/materialegislativa/2022/46/camscanner_26-04-2024_12.29_1.pdf", "ementa": "\u201cDefine, em car\u00e1ter prec\u00e1rio, \u00e1rea destinada \u00e0 pr\u00e1tica de som automotivo, fixa regras b\u00e1sicas e d\u00e1 outras provid\u00eancias\"."}, {"id": "41", "ano": "2022", "numero": "9", "tipo__sigla": "PL", "tipo__descricao": "Projeto de Lei - Poder Legislativo", "autoria": "Mesa Diretora - MD", "texto_original": "http://sapl.comodoro.mt.leg.br/media/sapl/public/materialegislativa/2022/41/pl_no._09-2022_legislativo.pdf", "ementa": "\"Disp\u00f5e Sobre Autoriza\u00e7\u00e3o ao Poder Legislativo para filiar a C\u00e2mara Municipal de Vereadores de Comodoro \u00e0 UCMMAT - Uni\u00e3o das C\u00e2maras Municipais de Mato Grosso e d\u00e1 outras provid\u00eancias.\""}, {"id": "42", "ano": "2022", "numero": "10", "tipo__sigla": "PL", "tipo__descricao": "Projeto de Lei - Poder Legislativo", "autoria": "Bell", "texto_original": "http://sapl.comodoro.mt.leg.br/media/sapl/public/materialegislativa/2022/42/pl_no._10-2022_legislativo.pdf", "ementa": "\"Disp\u00f5e sobre a declara\u00e7\u00e3o de Utilidade P\u00fablica \u00e0 Associa\u00e7\u00e3o dos Pequenos Produtores Rurais Vida Nova - APPRUVINO.\""}, {"id": "43", "ano": "2022", "numero": "11", "tipo__sigla": "PL", "tipo__descricao": "Projeto de Lei - Poder Legislativo", "autoria": "Paulo Bezerra", "texto_original": "http://sapl.comodoro.mt.leg.br/media/sapl/public/materialegislativa/2022/43/pl_no._11-2022_legislativo.pdf", "ementa": "\"Disp\u00f5e sobre a declara\u00e7\u00e3o de utilidade p\u00fablica \u00e0 Associa\u00e7\u00e3o dos Surdos de Comodoro - ASSUCDO.\""}, {"id": "44", "ano": "2022", "numero": "12", "tipo__sigla": "PL", "tipo__descricao": "Projeto de Lei - Poder Legislativo", "autoria": "Gleyce", "texto_original": "http://sapl.comodoro.mt.leg.br/media/sapl/public/materialegislativa/2022/44/pl_no._12-2022_legislativo.pdf", "ementa": "\"Disp\u00f5e sobre a declara\u00e7\u00e3o de utilidade p\u00fablica \u00e0 Conven\u00e7\u00e3o Mission\u00e1ria Brasileira - CONVEMBRAS.\""}, {"id": "45", "ano": "2022", "numero": "13", "tipo__sigla": "PL", "tipo__descricao": "Projeto de Lei - Poder Legislativo", "autoria": "Gleyce", "texto_original": "http://sapl.comodoro.mt.leg.br/media/sapl/public/materialegislativa/2022/45/projeto_de_lei_no_13-2022_legislativo.pdf", "ementa": "\"Disp\u00f5e sobre a cria\u00e7\u00e3o da Procuradoria da Mulher no \u00e2mbito da C\u00e2mara Municipal de Comodoro\""}, {"id": "94", "ano": "2022", "numero": "14", "tipo__sigla": "PL", "tipo__descricao": "Projeto de Lei - Poder Legislativo", "autoria": "Alan Viotto, Bell, Eliano Bridi, Malag\u00e3o, Paulo Bezerra, Robervane Oliveira, Zacarias", "texto_original": "http://sapl.comodoro.mt.leg.br/media/sapl/public/materialegislativa/2022/94/projeto_de_lei_14-2022.pdf", "ementa": "Disp\u00f5e sobre a declara\u00e7\u00e3o de utilidade p\u00fablica \u00e0 Associa\u00e7\u00e3o dos Pequenos Produtores Rurais da Granja - APPRG."}, {"id": "230", "ano": "2022", "numero": "15", "tipo__sigla": "PL", "tipo__descricao": "Projeto de Lei - Poder Legislativo", "autoria": "Gleyce", "texto_original": "http://sapl.comodoro.mt.leg.br/media/sapl/public/materialegislativa/2022/230/camscanner_24-04-2024_09.411.pdf", "ementa": "\u201cDisp\u00f5e sobre a declara\u00e7\u00e3o de utilidade p\u00fablica \u00e0 C\u00e2mara de Dirigentes Lojistas de Comodoro \u2013 CDL.\u201d"}, {"id": "95", "ano": "2022", "numero": "16", "tipo__sigla": "PL", "tipo__descricao": "Projeto de Lei - Poder Legislativo", "autoria": "Malag\u00e3o", "texto_original": "http://sapl.comodoro.mt.leg.br/media/sapl/public/materialegislativa/2022/95/projeto_de_lei_16-2022_legislativo.pdf", "ementa": "Denomina o campo de futebol da comunidade M\u00e3e da Terra, no Distrito da Col\u00f4nia dos Mineiros, como Davi Gabriel Lopes."}, {"id": "231", "ano": "2022", "numero": "17", "tipo__sigla": "PL", "tipo__descricao": "Projeto de Lei - Poder Legislativo", "autoria": "Gleyce", "texto_original": "http://sapl.comodoro.mt.leg.br/media/sapl/public/materialegislativa/2022/231/camscanner_24-04-2024_09.45.pdf", "ementa": "\u201cAltera o \u00a71\u00ba do art. 2\u00ba da Lei Municipal n\u00ba 1.845/2019, dispondo sobre a idade m\u00e1xima de uso dos ve\u00edculos utilizadores de plataformas tecnol\u00f3gicas, no \u00e2mbito municipal.\u201d"}, {"id": "109", "ano": "2022", "numero": "18", "tipo__sigla": "PL", "tipo__descricao": "Projeto de Lei - Poder Legislativo", "autoria": "Malag\u00e3o", "texto_original": "http://sapl.comodoro.mt.leg.br/media/sapl/public/materialegislativa/2022/109/projeto_de_lei_no_18-2022.pdf", "ementa": "Disp\u00f5e sobre a declara\u00e7\u00e3o de utilidade p\u00fablica \u00e0 Associa\u00e7\u00e3o dos Pequenos Produtores Rurais da Col\u00f4nia dos Mineiros - APPRUCOLMIN."}, {"id": "110", "ano": "2022", "numero": "19", "tipo__sigla": "PL", "tipo__descricao": "Projeto de Lei - Poder Legislativo", "autoria": "Ronaldo da Macuco", "texto_original": "http://sapl.comodoro.mt.leg.br/media/sapl/public/materialegislativa/2022/110/projeto_de_lei_no_19-2022_legislativo.pdf", "ementa": "Disp\u00f5e sobre a declara\u00e7\u00e3o de utilidade p\u00fablica \u00e0 Associa\u00e7\u00e3o dos Pequenos Produtores Rurais e Moradores do PA MACUCO - APRUMMA."}, {"id": "93", "ano": "2022", "numero": "20", "tipo__sigla": "PL", "tipo__descricao": "Projeto de Lei - Poder Legislativo", "autoria": "Bell", "texto_original": "http://sapl.comodoro.mt.leg.br/media/sapl/public/materialegislativa/2022/93/projeto_de_lei_no_20-2022.pdf", "ementa": "\u201cDisp\u00f5e sobre a declara\u00e7\u00e3o de utilidade p\u00fablica \u00e0 Associa\u00e7\u00e3o S\u00e3o Jorge dos Pequenos Produtores Rurais da Col\u00f4nia \u00c1guas Claras\u201d"}, {"id": "111", "ano": "2022", "numero": "21", "tipo__sigla": "PL", "tipo__descricao": "Projeto de Lei - Poder Legislativo", "autoria": "Paulo Bezerra", "texto_original": "http://sapl.comodoro.mt.leg.br/media/sapl/public/materialegislativa/2022/111/projeto_de_lei_no_21-2022_legislativo.pdf", "ementa": "Disp\u00f5e sobre a declara\u00e7\u00e3o de utilidade p\u00fablica \u00e0 Associa\u00e7\u00e3o Poliesportiva e Cultural de Comodoro/MT."}, {"id": "232", "ano": "2022", "numero": "22", "tipo__sigla": "PL", "tipo__descricao": "Projeto de Lei - Poder Legislativo", "autoria": "Robervane Oliveira", "texto_original": "http://sapl.comodoro.mt.leg.br/media/sapl/public/materialegislativa/2022/232/pl_22.pdf", "ementa": "\u201cDisp\u00f5e sobre a declara\u00e7\u00e3o de utilidade p\u00fablica \u00e0 Associa\u00e7\u00e3o dos Produtores Rurais do Vale Do Guapor\u00e9 Nova Fronteira\u201d"}, {"id": "233", "ano": "2022", "numero": "23", "tipo__sigla": "PL", "tipo__descricao": "Projeto de Lei - Poder Legislativo", "autoria": "Robervane Oliveira", "texto_original": "http://sapl.comodoro.mt.leg.br/media/sapl/public/materialegislativa/2022/233/pl_23.pdf", "ementa": "\u201cDisp\u00f5e sobre a declara\u00e7\u00e3o de utilidade p\u00fablica ao Sindicato Rural de Comodoro\u201d"}, {"id": "35", "ano": "2022", "numero": "1", "tipo__sigla": "PLE", "tipo__descricao": "Projeto de Lei - Poder Executivo", "autoria": "", "texto_original": "http://sapl.comodoro.mt.leg.br/media/sapl/public/materialegislativa/2022/35/projeto_de_lei_no_20-2022.pdf", "ementa": "Autoriza a contrata\u00e7\u00e3o de servidores p\u00fablicos para atendimento \u00e0 Secretaria Municipal de Educa\u00e7\u00e3o e Cultura, nas escolas do campo,  \u00e1rea urbana e aldeias ind\u00edgenas, para atender a necessidade tempor\u00e1ria e de excepcional interesse e d\u00e1 outras provid\u00eancias."}, {"id": "77", "ano": "2022", "numero": "2", "tipo__sigla": "PLE", "tipo__descricao": "Projeto de Lei - Poder Executivo", "autoria": "", "texto_original": "http://sapl.comodoro.mt.leg.br/media/sapl/public/materialegislativa/2022/77/pl_no._02-2022_executivo.pdf", "ementa": "Altera o art. 1\u00ba da Lei Municipal n\u00ba 1.869/2020, alterando a remunera\u00e7\u00e3o dos membros do Conselho Tutelar, e d\u00e1 outras provid\u00eancias."}, {"id": "78", "ano": "2022", "numero": "3", "tipo__sigla": "PLE", "tipo__descricao": "Projeto de Lei - Poder Executivo", "autoria": "", "texto_original": "http://sapl.comodoro.mt.leg.br/media/sapl/public/materialegislativa/2022/78/pl_no._03-2022_executivo.pdf", "ementa": "Concede Revis\u00e3o Geral Anual (RGA), aos aposentados e pensionistas vinculados ao Comodoro-Previ, em 7,35%, e d\u00e1 outras provid\u00eancias, com fundamento no art. 37, inciso X, da Constitui\u00e7\u00e3o Federal."}, {"id": "79", "ano": "2022", "numero": "4", "tipo__sigla": "PLE", "tipo__descricao": "Projeto de Lei - Poder Executivo", "autoria": "", "texto_original": "http://sapl.comodoro.mt.leg.br/media/sapl/public/materialegislativa/2022/79/pl_no._04-2022_executivo.pdf", "ementa": "Altera os anexos I, II, III e V, da Lei Municipal n\u00ba 1.868, de 04 de junho de 2020, concede reajuste \u00e0s classes e n\u00edveis dos servidores da administra\u00e7\u00e3o, em decorr\u00eancia da mudan\u00e7a do sal\u00e1rio m\u00ednimo, concede Revis\u00e3o Geral Anual  (RGA), em 7,35%, aos demais servidores  dos quadros da Administra\u00e7\u00e3o Municipal, com fundamento no art. 37, X, da CF/88, e acrescenta vagas aos cargos de auxiliar administrativo, assistente social, Operador de escavadeira hidr\u00e1ulica, operador de motoniveladora, operador de p\u00e1 carregadeira/retroescavadeira, fiscal de contrato, t\u00e9cnico agr\u00edcola, procurador jur\u00eddico, educados social, nutricionista e pregoeiro."}, {"id": "47", "ano": "2022", "numero": "8", "tipo__sigla": "PLE", "tipo__descricao": "Projeto de Lei - Poder Executivo", "autoria": "", "texto_original": "http://sapl.comodoro.mt.leg.br/media/sapl/public/materialegislativa/2022/47/pl_no._08-2022_executivo.pdf", "ementa": "\"Autoriza o Poder Executivo a realizar o pagamento de despesas funer\u00e1rias decorrentes de acidentes na presta\u00e7\u00e3o de servi\u00e7o p\u00fablico, e d\u00e1 outras provid\u00eancias.\""}, {"id": "48", "ano": "2022", "numero": "9", "tipo__sigla": "PLE", "tipo__descricao": "Projeto de Lei - Poder Executivo", "autoria": "", "texto_original": "http://sapl.comodoro.mt.leg.br/media/sapl/public/materialegislativa/2022/48/pl_no._09-2022_executivo.pdf", "ementa": "\"Disp\u00f5e sobre a Politica P\u00fablica de Assist\u00eancia Social do Munic\u00edpio de Comodoro/MT e d\u00e1 outras provid\u00eancias.\""}, {"id": "49", "ano": "2022", "numero": "10", "tipo__sigla": "PLE", "tipo__descricao": "Projeto de Lei - Poder Executivo", "autoria": "", "texto_original": "http://sapl.comodoro.mt.leg.br/media/sapl/public/materialegislativa/2022/49/pl_no._10-2022_executivo.pdf", "ementa": "\"Autoriza o Poder Executivo do Munic\u00edpio de Comodoro a doar im\u00f3vel ao Estado de Mato Grosso para a constru\u00e7\u00e3o de uma unidade do Corpo de Bombeiro Militar.\""}, {"id": "50", "ano": "2022", "numero": "11", "tipo__sigla": "PLE", "tipo__descricao": "Projeto de Lei - Poder Executivo", "autoria": "", "texto_original": "http://sapl.comodoro.mt.leg.br/media/sapl/public/materialegislativa/2022/50/pl_no._11-2022_executivo.pdf", "ementa": "\"Concede Revis\u00e3o Geral Anual aos Servidores Efetivos e Comissionados do Poder Legislativo Municipal, e d\u00e1 outras provid\u00eancias.\""}, {"id": "51", "ano": "2022", "numero": "12", "tipo__sigla": "PLE", "tipo__descricao": "Projeto de Lei - Poder Executivo", "autoria": "", "texto_original": "http://sapl.comodoro.mt.leg.br/media/sapl/public/materialegislativa/2022/51/pl_no._12-2022_executivo.pdf", "ementa": "\"Autoriza o poder executivo municipal a promover campanha de est\u00edmulo \u00e0 arrecada\u00e7\u00e3o do imposto sobre a propriedade predial e territorial urbana (IPTU Premiado), mediante realiza\u00e7\u00e3o de sorteios de pr\u00eamios, como meio de auxiliar a fiscaliza\u00e7\u00e3o e melhorar a arrecada\u00e7\u00e3o e d\u00e1 outras provid\u00eancias.\""}, {"id": "52", "ano": "2022", "numero": "14", "tipo__sigla": "PLE", "tipo__descricao": "Projeto de Lei - Poder Executivo", "autoria": "", "texto_original": "http://sapl.comodoro.mt.leg.br/media/sapl/public/materialegislativa/2022/52/pl_no._14-2022_executivo.pdf", "ementa": "\"Disp\u00f5e sobre altera\u00e7\u00e3o da Lei Municipal n\u00ba 858, de 09 de dezembro de 2005, que criou a percapta do Cons\u00f3rcio Intermunicipal de Sa\u00fade da Regi\u00e3o do Vale do Guapor\u00e9 e d\u00e1 outras provid\u00eancias.\""}, {"id": "53", "ano": "2022", "numero": "15", "tipo__sigla": "PLE", "tipo__descricao": "Projeto de Lei - Poder Executivo", "autoria": "", "texto_original": "http://sapl.comodoro.mt.leg.br/media/sapl/public/materialegislativa/2022/53/pl_no._15-2022_executivo.pdf", "ementa": "\"Altera os anexos I, II, III e V da Lei Municipal n\u00ba 1.929, de 14 de fevereiro de 2022, criando novos cargos, com as respectivas atribui\u00e7\u00f5es e remunera\u00e7\u00e3o, alterando a quantidade de vagas e a remunera\u00e7\u00e3o do cargo de Agente de Sa\u00fade da Secretaria Municipal de Sa\u00fade, e d\u00e1 outras provid\u00eancias.\""}, {"id": "54", "ano": "2022", "numero": "16", "tipo__sigla": "PLE", "tipo__descricao": "Projeto de Lei - Poder Executivo", "autoria": "", "texto_original": "http://sapl.comodoro.mt.leg.br/media/sapl/public/materialegislativa/2022/54/pl_no._16-2022_executivo.pdf", "ementa": "\"Altera o Anexos I, da Lei Municipal n\u00ba 1.519/2014, acrescentando 02 vagas ao cargo de Assistente Administrativo para atuar perante o COMODORO-PREVI, e d\u00e1 outras provid\u00eancias.\""}, {"id": "55", "ano": "2022", "numero": "17", "tipo__sigla": "PLE", "tipo__descricao": "Projeto de Lei - Poder Executivo", "autoria": "", "texto_original": "http://sapl.comodoro.mt.leg.br/media/sapl/public/materialegislativa/2022/55/pl_no._17-2022_executivo.pdf", "ementa": "\"Autoriza o Poder Executivo a suplementar o repasse duodecimal do Poder Legislativo para o Exerc\u00edcio de 2022, em conson\u00e2ncia com o art. 29-A,  I, da CF, alterando as pe\u00e7as or\u00e7ament\u00e1rias pertinentes, e d\u00e1 outras provid\u00eancias.\""}, {"id": "56", "ano": "2022", "numero": "19", "tipo__sigla": "PLE", "tipo__descricao": "Projeto de Lei - Poder Executivo", "autoria": "", "texto_original": "http://sapl.comodoro.mt.leg.br/media/sapl/public/materialegislativa/2022/56/projeto_de_lei_no_19-2022_executivo.pdf", "ementa": "\"Altera os anexos I, II, III, da Lei Municipal n\u00ba 1927, de 14 de fevereiro de 2022, alterando tamb\u00e9m os anexos respectivos do Plano de Cargos, Carreiras e Vencimento (Lei Municipal n\u00ba 1326/2011), criando cargos, vagas e reajustando sal\u00e1rios.\""}, {"id": "57", "ano": "2022", "numero": "20", "tipo__sigla": "PLE", "tipo__descricao": "Projeto de Lei - Poder Executivo", "autoria": "", "texto_original": "http://sapl.comodoro.mt.leg.br/media/sapl/public/materialegislativa/2022/57/projeto_de_lei_no_20-2022_executivo.pdf", "ementa": "\"Autoriza  a contrata\u00e7\u00e3o de servidores p\u00fablicos  para atendimento \u00e0 Secretaria Municipal de Educa\u00e7\u00e3o e Cultura, nas escolas do campo, \u00e1rea urbana e aldeias ind\u00edgenas, para atender a necessidade tempor\u00e1ria e de excepcional interesse e d\u00e1 outras provid\u00eancias.\""}, {"id": "58", "ano": "2022", "numero": "22", "tipo__sigla": "PLE", "tipo__descricao": "Projeto de Lei - Poder Executivo", "autoria": "", "texto_original": "http://sapl.comodoro.mt.leg.br/media/sapl/public/materialegislativa/2022/58/projeto_de_lei_22-2022_executivo.pdf", "ementa": "\"Autoriza o Munic\u00edpio de Comodoro-MT a repassar recursos ao Cons\u00f3rcio Intermunicipal de Desenvolvimento Socioecon\u00f4mico e Ambiental do Vale do Guapor\u00e9 - CIDESA, referente ao Programa \"PATRULHA RODOVI\u00c1RIA\"\"."}, {"id": "444", "ano": "2022", "numero": "23", "tipo__sigla": "PLE", "tipo__descricao": "Projeto de Lei - Poder Executivo", "autoria": "Prefeitura - PR", "texto_original": "http://sapl.comodoro.mt.leg.br/media/sapl/public/materialegislativa/2022/444/projeto_de_lei_no_232022.pdf", "ementa": "\"Altera a Lei Municipal n\u00ba 1.058/2008, incluindo quatro artigos.\""}, {"id": "59", "ano": "2022", "numero": "26", "tipo__sigla": "PLE", "tipo__descricao": "Projeto de Lei - Poder Executivo", "autoria": "", "texto_original": "http://sapl.comodoro.mt.leg.br/media/sapl/public/materialegislativa/2022/59/pl_no._26-2022_executivo.pdf", "ementa": "\"Autoriza o Poder Executivo a alterar as pe\u00e7as or\u00e7ament\u00e1rias (PPA, LDO e LOA/2022) quanto ao fundo Municipal de Sa\u00fade, criando dota\u00e7\u00e3o espec\u00edfica na Vigil\u00e2ncia Epidemiol\u00f3gica para a viabiliza\u00e7\u00e3o da aquisi\u00e7\u00e3o do ve\u00edculo \"Castra M\u00f3vel, e d\u00e1 outras provid\u00eancias\".\""}, {"id": "60", "ano": "2022", "numero": "27", "tipo__sigla": "PLE", "tipo__descricao": "Projeto de Lei - Poder Executivo", "autoria": "", "texto_original": "http://sapl.comodoro.mt.leg.br/media/sapl/public/materialegislativa/2022/60/pl_no._27-2022_executivo.pdf", "ementa": "\"Autoriza o Poder Executivo a fazer abertura de cr\u00e9ditos adicionais suplementares por  transposi\u00e7\u00e3o, remanejamento ou a transfer\u00eancia de recursos de uma categoria de programa\u00e7\u00e3o para outra e de um \u00f3rg\u00e3o para outro, no \u00e2mbito da execu\u00e7\u00e3o or\u00e7ament\u00e1ria, em mais 5% (cinco por cento), do total das despesas previstas na Lei Or\u00e7ament\u00e1ria Anual (Lei n\u00ba 1921/2021) alterando-se o art. 6\u00ba da citada lei municipal, e d\u00e1 outras provid\u00eancias.\""}, {"id": "86", "ano": "2022", "numero": "28", "tipo__sigla": "PLE", "tipo__descricao": "Projeto de Lei - Poder Executivo", "autoria": "", "texto_original": "http://sapl.comodoro.mt.leg.br/media/sapl/public/materialegislativa/2022/86/pl_no.28-2022_executivo.pdf", "ementa": "\"Altera o art. 1\u00ba da Lei Municipal n\u00ba 1.925/2022, modificando-se tamb\u00e9m a Lei Municipal n\u00ba 1.426/2013 que trata da remunera\u00e7\u00e3o e benef\u00edcios aos membros do Conselho Tutelar, concedendo revis\u00e3o geral anual, aos mesmos, e d\u00e1 outras provid\u00eancias.\""}, {"id": "87", "ano": "2022", "numero": "30", "tipo__sigla": "PLE", "tipo__descricao": "Projeto de Lei - Poder Executivo", "autoria": "", "texto_original": "http://sapl.comodoro.mt.leg.br/media/sapl/public/materialegislativa/2022/87/pl_no._30-2022_executivo.pdf", "ementa": "\"Altera os anexos II, III e V da Lei Municipal n\u00ba 1.929/2022, alterando tamb\u00e9m os anexos respectivos do plano de Cargos, Carreiras e Vencimento (Lei Municipal n\u00ba 1.327/2011) concedendo revis\u00e3o geral anual (RGA) de 11,81%, aos servidores vinculados  \u00e0 Secretaria Municipal de Sa\u00fade e d\u00e1 outras provid\u00eancias.\""}, {"id": "88", "ano": "2022", "numero": "31", "tipo__sigla": "PLE", "tipo__descricao": "Projeto de Lei - Poder Executivo", "autoria": "", "texto_original": "http://sapl.comodoro.mt.leg.br/media/sapl/public/materialegislativa/2022/88/pl_no._31-2022_executivo.pdf", "ementa": "\"Altera os anexos V, VI, VII, XI, XIV, XV, XVII e XVIII, da Lei Municipal n. 1.928/2022, alterando tamb\u00e9m os anexos respectivos do Plano de Cargos, Carreiras e Vencimento (Lei Municipal n\u00ba 1.330/2011, concedendo RGA, em 11,81%, e d\u00e1 outras provid\u00eancias, com fundamento no art. 37, inciso X, da Constitui\u00e7\u00e3o Federal e da outras provid\u00eancias.\""}, {"id": "89", "ano": "2022", "numero": "32", "tipo__sigla": "PLE", "tipo__descricao": "Projeto de Lei - Poder Executivo", "autoria": "", "texto_original": "http://sapl.comodoro.mt.leg.br/media/sapl/public/materialegislativa/2022/89/projeto_de_lei_no_32-2022_executivo.pdf", "ementa": "\"Autoriza o Poder Executivo Municipal a outorgar contratos de concess\u00e3o de direito real de uso de im\u00f3veis p\u00fablicos  situados no Setor Industrial II (Lei Municipal n. 1.118/2008), mediante pr\u00e9vio procedimento licitat\u00f3rio na modalidade concorr\u00eancia, a pessoas jur\u00eddicas interessadas, com fundamento nos artigos n. 126, $1\u00ba, da Lei Org\u00e2nica Municipal, c/c art. 17, I, da Lei 8.666/1.993 e art. 7\u00ba, do Decreto-Lei n. 271/1967, e d\u00e1 outras provid\u00eancias.\""}, {"id": "90", "ano": "2022", "numero": "33", "tipo__sigla": "PLE", "tipo__descricao": "Projeto de Lei - Poder Executivo", "autoria": "", "texto_original": "http://sapl.comodoro.mt.leg.br/media/sapl/public/materialegislativa/2022/90/pl_no._33-2022_executivo.pdf", "ementa": "Concede Revis\u00e3o Geral Anual (RGA), aos aposentados e pensionistas vinculados ao Comodoro-Previ em 11,81%, com fundamento no art. 37, inciso X, da Constitui\u00e7\u00e3o Federal, e d\u00e1 outras provid\u00eancias."}, {"id": "91", "ano": "2022", "numero": "34", "tipo__sigla": "PLE", "tipo__descricao": "Projeto de Lei - Poder Executivo", "autoria": "", "texto_original": "http://sapl.comodoro.mt.leg.br/media/sapl/public/materialegislativa/2022/91/pl_no._34-2022_executivo.pdf", "ementa": "Altera os anexos I, II e III da Lei Municipal n\u00ba 1.924/2022, alterando tamb\u00e9m os anexos respectivos da Lei 1.519/2014 que reestruturou o Fundo de Previd\u00eancia dos Servidores, concedendo revis\u00e3o geral anual em 11,81%, aos servidores do COMODORO-PREVI, e d\u00e1 outras provid\u00eancias."}, {"id": "92", "ano": "2022", "numero": "35", "tipo__sigla": "PLE", "tipo__descricao": "Projeto de Lei - Poder Executivo", "autoria": "", "texto_original": "http://sapl.comodoro.mt.leg.br/media/sapl/public/materialegislativa/2022/92/pl_no._35-2022_executivo.pdf", "ementa": "Concede Revis\u00e3o Geral Anual aos Servidores Efetivos e Comissionados do Poder Legislativo Municipal, e d\u00e1 outras provid\u00eancias."}, {"id": "96", "ano": "2022", "numero": "37", "tipo__sigla": "PLE", "tipo__descricao": "Projeto de Lei - Poder Executivo", "autoria": "", "texto_original": "http://sapl.comodoro.mt.leg.br/media/sapl/public/materialegislativa/2022/96/projeto_de_lei_no_37-2022.pdf", "ementa": "Altera a reda\u00e7\u00e3o do inciso IV, do art. 48, da Lei Municipal n\u00ba 1.519/2014, que reestruturou o Regime Pr\u00f3prio de Previd\u00eancia Social do Munic\u00edpio de Comodoro/MT e, d\u00e1 outras provid\u00eancias."}, {"id": "97", "ano": "2022", "numero": "38", "tipo__sigla": "PLE", "tipo__descricao": "Projeto de Lei - Poder Executivo", "autoria": "", "texto_original": "http://sapl.comodoro.mt.leg.br/media/sapl/public/materialegislativa/2022/97/projeto_de_lei_no_38-2022.pdf", "ementa": "Reestrutura o Conselho Municipal dos Direitos do Idoso - CMDI e cria  o Fundo Municipal do Idoso - FMI, no \u00e2mbito do munic\u00edpio de Comodoro/MT."}, {"id": "98", "ano": "2022", "numero": "39", "tipo__sigla": "PLE", "tipo__descricao": "Projeto de Lei - Poder Executivo", "autoria": "", "texto_original": "http://sapl.comodoro.mt.leg.br/media/sapl/public/materialegislativa/2022/98/projeto_de_lei_39-2022.pdf", "ementa": "Altera a Lei Municipal n\u00ba 1.935/2022, modificando os artigos 1\u00ba e 2\u00ba, apenas quanto \u00e0 metragem do im\u00f3vel doado."}, {"id": "99", "ano": "2022", "numero": "40", "tipo__sigla": "PLE", "tipo__descricao": "Projeto de Lei - Poder Executivo", "autoria": "", "texto_original": "http://sapl.comodoro.mt.leg.br/media/sapl/public/materialegislativa/2022/99/projeto_de_lei_40-2022.pdf", "ementa": "Reestrutura o Conselho Municipal dos Direitos da Mulher - CMDM e cria o Fundo Municipal da Mulher - FMM no \u00e2mbito do Munic\u00edpio de Comodoro/MT."}, {"id": "101", "ano": "2022", "numero": "41", "tipo__sigla": "PLE", "tipo__descricao": "Projeto de Lei - Poder Executivo", "autoria": "", "texto_original": "http://sapl.comodoro.mt.leg.br/media/sapl/public/materialegislativa/2022/101/projeto_de_lei_no41-2022.pdf", "ementa": "Regulamenta a fixa\u00e7\u00e3o do piso salarial dos agentes comunit\u00e1rios de sa\u00fade e dos agentes de combate \u00e0s endemias, de acordo com a Emenda Constitucional n\u00ba 120/2022, e d\u00e1 outras provid\u00eancias."}, {"id": "102", "ano": "2022", "numero": "42", "tipo__sigla": "PLE", "tipo__descricao": "Projeto de Lei - Poder Executivo", "autoria": "", "texto_original": "http://sapl.comodoro.mt.leg.br/media/sapl/public/materialegislativa/2022/102/projeto_de_lei_no_42-2022.pdf", "ementa": "Autoriza o Poder Executivo Municipal a outorgar  contratos de concess\u00e3o de direito real de uso de im\u00f3veis p\u00fablicos situados no Setor Industrial II (Lei Municipal n\u00ba 1.118/2008), mediante pr\u00e9vio procedimento licitat\u00f3rio na modalidade concorr\u00eancia, \u00e0 pessoas jur\u00eddicas interessadas, com fundamento nos artigos n 126, $1\u00ba, da Lei Org\u00e2nica Municipal, c/c art. 17, I, da Lei 8.666/1993 e art. 7\u00ba, do Decreto-Lei n. 271/1967, e d\u00e1 outras provid\u00eancias."}, {"id": "100", "ano": "2022", "numero": "43", "tipo__sigla": "PLE", "tipo__descricao": "Projeto de Lei - Poder Executivo", "autoria": "", "texto_original": "http://sapl.comodoro.mt.leg.br/media/sapl/public/materialegislativa/2022/100/projeto_de_lei_43-2022.pdf", "ementa": "Disp\u00f5e sobre a abertura de Cr\u00e9dito adicional especial ao Fundo Municipal de Desenvolvimento Rural Sustent\u00e1vel e Industrial - FUMDERSI e d\u00e1 outras provid\u00eancias."}, {"id": "106", "ano": "2022", "numero": "48", "tipo__sigla": "PLE", "tipo__descricao": "Projeto de Lei - Poder Executivo", "autoria": "", "texto_original": "http://sapl.comodoro.mt.leg.br/media/sapl/public/materialegislativa/2022/106/projeto_de_lei_no_48-2022.pdf", "ementa": "Autoriza o Poder Executivo Municipal a outorgar contrato de concess\u00e3o de direito real de uso de im\u00f3vel p\u00fablico, mediante pr\u00e9vio procedimento licitat\u00f3rio na modalidade concorr\u00eancia, a pessoa jur\u00eddica interessada, com fundamento nos artigos n. 126, \u00a71\u00ba, da lei Org\u00e2nica Municipal, c/c art. 17, I, da Lei 8.666/1.993 e art. 7\u00ba, do Decreto-Lei n. 271/1967, e d\u00e1 outras provid\u00eancias."}, {"id": "103", "ano": "2022", "numero": "49", "tipo__sigla": "PLE", "tipo__descricao": "Projeto de Lei - Poder Executivo", "autoria": "", "texto_original": "http://sapl.comodoro.mt.leg.br/media/sapl/public/materialegislativa/2022/103/projeto_de_lei_49-2022.pdf", "ementa": "Autoriza o Poder Executivo do Munic\u00edpio de Comodoro a doar im\u00f3vel ao Estado de Mato Grosso para a constru\u00e7\u00e3o de uma unidade da POLITEC em Comodoro/MT."}, {"id": "107", "ano": "2022", "numero": "50", "tipo__sigla": "PLE", "tipo__descricao": "Projeto de Lei - Poder Executivo", "autoria": "", "texto_original": "http://sapl.comodoro.mt.leg.br/media/sapl/public/materialegislativa/2022/107/projeto_de_lei_no_50-2022.pdf", "ementa": "Define e denomina as Ruas da Quadra 16, Bairro Industrial II."}, {"id": "112", "ano": "2022", "numero": "51", "tipo__sigla": "PLE", "tipo__descricao": "Projeto de Lei - Poder Executivo", "autoria": "", "texto_original": "http://sapl.comodoro.mt.leg.br/media/sapl/public/materialegislativa/2022/112/projeto_de_lei_no_51-2022.pdf", "ementa": "\"Autoriza a cria\u00e7\u00e3o de vagas  de provimento efetivo e contrata\u00e7\u00e3o de servidores  p\u00fablicos, em atendimento \u00e0 Secretaria Municipal de Sa\u00fade e Secretaria  de Educa\u00e7\u00e3o e Cultura , para atender a necessidade tempor\u00e1ria e de excepcional interesse, extingue cargo e d\u00e1 outras provid\u00eancias.\""}, {"id": "113", "ano": "2022", "numero": "52", "tipo__sigla": "PLE", "tipo__descricao": "Projeto de Lei - Poder Executivo", "autoria": "", "texto_original": "http://sapl.comodoro.mt.leg.br/media/sapl/public/materialegislativa/2022/113/projeto_de_lei_no_52-2022.pdf", "ementa": "\"Altera o anexo XII, da Lei Municipal n\u00ba 1.330/2011, aumentando a remunera\u00e7\u00e3o de diretores e coordenadores escolares.\""}, {"id": "118", "ano": "2022", "numero": "53", "tipo__sigla": "PLE", "tipo__descricao": "Projeto de Lei - Poder Executivo", "autoria": "", "texto_original": "http://sapl.comodoro.mt.leg.br/media/sapl/public/materialegislativa/2022/118/projeto_de_lei_53-2022.pdf", "ementa": "\"Estima a Receita e Fixa a Despesa do Munic\u00edpio, para o exerc\u00edcio de 2023, e d\u00e1 outras provid\u00eancias.\""}, {"id": "108", "ano": "2022", "numero": "54", "tipo__sigla": "PLE", "tipo__descricao": "Projeto de Lei - Poder Executivo", "autoria": "", "texto_original": "http://sapl.comodoro.mt.leg.br/media/sapl/public/materialegislativa/2022/108/projeto_de_lei_no_54-2022.pdf", "ementa": "Altera o texto do art. 1\u00ba da Lei 1.913/2021, que institui o Conselho Municipal de Prote\u00e7\u00e3o e Defesa dos animais do Munic\u00edpio de Comodoro-CMPDA."}, {"id": "119", "ano": "2022", "numero": "55", "tipo__sigla": "PLE", "tipo__descricao": "Projeto de Lei - Poder Executivo", "autoria": "", "texto_original": "http://sapl.comodoro.mt.leg.br/media/sapl/public/materialegislativa/2022/119/projeto_de_lei_55-2022.pdf", "ementa": "\"Autoriza a cria\u00e7\u00e3o de vagas  de provimento efetivo e autoriza a Contrata\u00e7\u00e3o de Servidores P\u00fablicos, para atendimento \u00e0 Secretaria Municipal de Educa\u00e7\u00e3o e Cultura e de Assist\u00eancia Social, para atender a necessidade tempor\u00e1ria e de excepcional interesse e d\u00e1 outras provid\u00eancias.\""}, {"id": "120", "ano": "2022", "numero": "56", "tipo__sigla": "PLE", "tipo__descricao": "Projeto de Lei - Poder Executivo", "autoria": "Prefeitura - PR", "texto_original": "http://sapl.comodoro.mt.leg.br/media/sapl/public/materialegislativa/2022/120/projeto_de_lei_56-2022.pdf", "ementa": "\"Acrescenta entidades e associa\u00e7\u00f5es ao art. 16  da Lei n\u00ba 1.971/2022 - Lei de Diretrizes Or\u00e7ament\u00e1rias exerc\u00edcio 2023, e d\u00e1 outras provid\u00eancias.\""}, {"id": "121", "ano": "2022", "numero": "57", "tipo__sigla": "PLE", "tipo__descricao": "Projeto de Lei - Poder Executivo", "autoria": "", "texto_original": "http://sapl.comodoro.mt.leg.br/media/sapl/public/materialegislativa/2022/121/projeto_de_lei_57-2022.pdf", "ementa": "\"Acrescenta a cria\u00e7\u00e3o de vagas de provimento efetivo (coletor de lixo) e contrata\u00e7\u00e3o  de servidores p\u00fablicos, em atendimento \u00e0 Secretaria Municipal de Obras, para atender a necessidade tempor\u00e1ria e de excepcional interesse, e d\u00e1 outras provid\u00eancias.\""}, {"id": "122", "ano": "2022", "numero": "58", "tipo__sigla": "PLE", "tipo__descricao": "Projeto de Lei - Poder Executivo", "autoria": "", "texto_original": "http://sapl.comodoro.mt.leg.br/media/sapl/public/materialegislativa/2022/122/projeto_de_lei_58-2022.pdf", "ementa": "\"Disp\u00f5e sobre a ratifica\u00e7\u00e3o do Protocolo de Inten\u00e7\u00f5es do Cons\u00f3rcio P\u00fablico Intermunicipal de Gest\u00e3o dos Regimes Pr\u00f3prios de Previd\u00eancia Social, dos munic\u00edpios mato-grossenses - CONSPREV e d\u00e1 outras provid\u00eancias.\""}, {"id": "123", "ano": "2022", "numero": "59", "tipo__sigla": "PLE", "tipo__descricao": "Projeto de Lei - Poder Executivo", "autoria": "", "texto_original": "http://sapl.comodoro.mt.leg.br/media/sapl/public/materialegislativa/2022/123/projeto_de_lei_59-2022.pdf", "ementa": "\"Disp\u00f5e sobre o processamento das consigna\u00e7\u00f5es em folha de pagamentos, e d\u00e1 outras provid\u00eancias.\""}, {"id": "124", "ano": "2022", "numero": "60", "tipo__sigla": "PLE", "tipo__descricao": "Projeto de Lei - Poder Executivo", "autoria": "", "texto_original": "http://sapl.comodoro.mt.leg.br/media/sapl/public/materialegislativa/2022/124/projeto_de_lei_60-2022.pdf", "ementa": "\"Disp\u00f5e sobre autoriza\u00e7\u00e3o e regulamenta\u00e7\u00e3o da extra\u00e7\u00e3o de cascalho de cascalheiras em \u00e1reas privadas pelo Munic\u00edpio de Comodoro/MT, e d\u00e1 outras provid\u00eancias.\""}, {"id": "125", "ano": "2022", "numero": "61", "tipo__sigla": "PLE", "tipo__descricao": "Projeto de Lei - Poder Executivo", "autoria": "", "texto_original": "http://sapl.comodoro.mt.leg.br/media/sapl/public/materialegislativa/2022/125/projeto_de_lei_61-2022.pdf", "ementa": "\"Autoriza o Poder Executivo a fornecer aterro para constru\u00e7\u00e3o civil e respectivo terreno nos limites do munic\u00edpio,  e d\u00e1 outras provid\u00eancias.\""}, {"id": "126", "ano": "2022", "numero": "62", "tipo__sigla": "PLE", "tipo__descricao": "Projeto de Lei - Poder Executivo", "autoria": "", "texto_original": "http://sapl.comodoro.mt.leg.br/media/sapl/public/materialegislativa/2022/126/projeto_de_lei_62-2022.pdf", "ementa": "\"Altera a reda\u00e7\u00e3o do \u00a71\u00ba, do art. 7\u00ba, da Lei Municipal n\u00ba 1.982/2022, acrescentando vagas para contrata\u00e7\u00e3o tempor\u00e1ria de T\u00e9cnico em Higiene Dental.\""}, {"id": "127", "ano": "2022", "numero": "63", "tipo__sigla": "PLE", "tipo__descricao": "Projeto de Lei - Poder Executivo", "autoria": "", "texto_original": "http://sapl.comodoro.mt.leg.br/media/sapl/public/materialegislativa/2022/127/projeto_de_lei_63-2022.pdf", "ementa": "\"Altera a parte final do art. 2\u00ba, da Lei n. 1.610/2015, que disp\u00f5e sobre os incentivos fiscais concedidos \u00e0 Amaggi Exporta\u00e7\u00e3o e Importa\u00e7\u00e3o Ltda, referente \u00e0 unidade industrial situada no Distrito Agroindustrial de Comodoro, prorrogando sua vig\u00eancia at\u00e9 31 de dezembro de 2023, nos moldes da Lei n\u00ba 1.595, de 22 de junho de 2015.\""}, {"id": "128", "ano": "2022", "numero": "65", "tipo__sigla": "PLE", "tipo__descricao": "Projeto de Lei - Poder Executivo", "autoria": "", "texto_original": "http://sapl.comodoro.mt.leg.br/media/sapl/public/materialegislativa/2022/128/projeto_de_lei_65-2022.pdf", "ementa": "\"Acrescenta par\u00e1grafos ao art. 5\u00ba, da Lei n. 1.897/2021, e d\u00e1 outras provid\u00eancias.\""}, {"id": "129", "ano": "2022", "numero": "68", "tipo__sigla": "PLE", "tipo__descricao": "Projeto de Lei - Poder Executivo", "autoria": "", "texto_original": "http://sapl.comodoro.mt.leg.br/media/sapl/public/materialegislativa/2022/129/projeto_de_lei_68-2022.pdf", "ementa": "\"Acrescenta o art. 2\u00ba-a, na Lei n. 1.983/2022, e d\u00e1 outras provid\u00eancias.\""}, {"id": "19", "ano": "2022", "numero": "1", "tipo__sigla": "PROPO", "tipo__descricao": "Indica\u00e7\u00e3o", "autoria": "", "texto_original": "http://sapl.comodoro.mt.leg.br/media/sapl/public/materialegislativa/2022/19/indicacao_01-2022.pdf", "ementa": "Indica ao Chefe do Poder Executivo Municipal, reparos nos aparelhos de ginasticas da Pra\u00e7a Leandro Rossi no Bairro S\u00e3o Francisco."}, {"id": "20", "ano": "2022", "numero": "2", "tipo__sigla": "PROPO", "tipo__descricao": "Indica\u00e7\u00e3o", "autoria": "Alan Viotto, Bell, Eliano Bridi, Gauchinho da Areia, Gleyce, Malag\u00e3o, Paulo Bezerra, Robervane Oliveira, Ronaldo da Macuco, Wender Bier, Zacarias", "texto_original": "http://sapl.comodoro.mt.leg.br/media/sapl/public/materialegislativa/2022/20/indicacao_no_02-2022.pdf", "ementa": "Indicam ao Chefe do Poder Executivo Municipal a an\u00e1lise para confec\u00e7\u00e3o de Projeto de Lei referente ao est\u00edmulo do pagamento do imposto sobre a propriedade predial e territorial urbana por interm\u00e9dio de sorteio de pr\u00eamios (IPTU Premiado)."}, {"id": "21", "ano": "2022", "numero": "3", "tipo__sigla": "PROPO", "tipo__descricao": "Indica\u00e7\u00e3o", "autoria": "Alan Viotto, Bell, Eliano Bridi, Paulo Bezerra, Robervane Oliveira", "texto_original": "http://sapl.comodoro.mt.leg.br/media/sapl/public/materialegislativa/2022/21/indicacao_no_03-2022.pdf", "ementa": "Indicam ao Chefe do Poder Executivo Municipal a elabora\u00e7\u00e3o de Projeto de Lei instituindo o Programa Municipal de parcerias p\u00fablico-privadas no Munic\u00edpio de Comodoro."}, {"id": "22", "ano": "2022", "numero": "4", "tipo__sigla": "PROPO", "tipo__descricao": "Indica\u00e7\u00e3o", "autoria": "Alan Viotto, Bell, Eliano Bridi, Paulo Bezerra, Robervane Oliveira", "texto_original": "http://sapl.comodoro.mt.leg.br/media/sapl/public/materialegislativa/2022/22/indicacao_04-2022.pdf", "ementa": "Indicam ao Chefe do Poder Executivo Municipal a elabora\u00e7\u00e3o de Projeto de Lei  para a cria\u00e7\u00e3o e regulamenta\u00e7\u00e3o do cargo de provimento efetivo de \"condutor de ambul\u00e2ncia\" no Munic\u00edpio de Comodoro."}, {"id": "30", "ano": "2022", "numero": "5", "tipo__sigla": "PROPO", "tipo__descricao": "Indica\u00e7\u00e3o", "autoria": "Alan Viotto, Bell, Eliano Bridi, Gauchinho da Areia, Gleyce, Malag\u00e3o, Paulo Bezerra, Robervane Oliveira, Ronaldo da Macuco, Wender Bier, Zacarias", "texto_original": "http://sapl.comodoro.mt.leg.br/media/sapl/public/materialegislativa/2022/30/indicacao_05-2022.pdf", "ementa": "Indicam ao Chefe do Poder Executivo Municipal a an\u00e1lise para confec\u00e7\u00e3o de Projeto de Lei  nos moldes do j\u00e1 conhecido \"Programa de Recupera\u00e7\u00e3o Fiscal - REFIS\", no \u00e2mbito de nosso Munic\u00edpio."}, {"id": "31", "ano": "2022", "numero": "6", "tipo__sigla": "PROPO", "tipo__descricao": "Indica\u00e7\u00e3o", "autoria": "Alan Viotto, Bell, Eliano Bridi, Gauchinho da Areia, Gleyce, Malag\u00e3o, Paulo Bezerra, Robervane Oliveira, Ronaldo da Macuco, Wender Bier, Zacarias", "texto_original": "http://sapl.comodoro.mt.leg.br/media/sapl/public/materialegislativa/2022/31/indicacao_06-2022.pdf", "ementa": "Indicam ao Chefe  do Poder Executivo Municipal emenda  ao Projeto de Lei n\u00ba 13/2022, de 21 de mar\u00e7o de 2022."}, {"id": "32", "ano": "2022", "numero": "7", "tipo__sigla": "PROPO", "tipo__descricao": "Indica\u00e7\u00e3o", "autoria": "Gleyce", "texto_original": "http://sapl.comodoro.mt.leg.br/media/sapl/public/materialegislativa/2022/32/indicacao_07-2022.pdf", "ementa": "Indica ao Chefe do Poder Executivo Municipal, constru\u00e7\u00e3o de 01 (um) redutor de velocidade na Rua  dos Ip\u00eas, em frente ao Campo de Futebol \"Show de bola\"."}, {"id": "33", "ano": "2022", "numero": "8", "tipo__sigla": "PROPO", "tipo__descricao": "Indica\u00e7\u00e3o", "autoria": "Alan Viotto, Bell, Eliano Bridi, Paulo Bezerra, Robervane Oliveira, Zacarias", "texto_original": "http://sapl.comodoro.mt.leg.br/media/sapl/public/materialegislativa/2022/33/indicacao_08-2022.pdf", "ementa": "Indica ao Chefe do Poder Executivo Municipal, perfura\u00e7\u00e3o de mais 01 (um) po\u00e7o artesiano no Distrito de Nova Alvorada."}, {"id": "34", "ano": "2022", "numero": "9", "tipo__sigla": "PROPO", "tipo__descricao": "Indica\u00e7\u00e3o", "autoria": "Alan Viotto, Bell, Eliano Bridi, Paulo Bezerra, Robervane Oliveira, Zacarias", "texto_original": "http://sapl.comodoro.mt.leg.br/media/sapl/public/materialegislativa/2022/34/indicacao_09-2022.pdf", "ementa": "Indica ao Chefe do Poder Executivo Municipal, perfura\u00e7\u00e3o de 01 (um) po\u00e7o artesiano na APPRUMMA - Associa\u00e7\u00e3o dos Pequenos Produtores Rurais e Moradores do P.A. Macuco - Gleba Macuco."}, {"id": "61", "ano": "2022", "numero": "10", "tipo__sigla": "PROPO", "tipo__descricao": "Indica\u00e7\u00e3o", "autoria": "Alan Viotto, Bell, Eliano Bridi, Paulo Bezerra, Robervane Oliveira, Zacarias", "texto_original": "http://sapl.comodoro.mt.leg.br/media/sapl/public/materialegislativa/2022/61/indicacao_no_10-2022.pdf", "ementa": "Indicam ao Chefe do Poder Executivo Municipal, constru\u00e7\u00e3o de 02 (duas) pontes com bueiros sobre o c\u00f3rrego que fica localizado na estrada denominada \"Linha do Jovem\" na Gleba Macuco, nesta municipalidade."}, {"id": "62", "ano": "2022", "numero": "11", "tipo__sigla": "PROPO", "tipo__descricao": "Indica\u00e7\u00e3o", "autoria": "Eliano Bridi", "texto_original": "http://sapl.comodoro.mt.leg.br/media/sapl/public/materialegislativa/2022/62/indicacao_n_011-2022.pdf", "ementa": "Indica ao Chefe do Poder Executivo Municipal, a cria\u00e7\u00e3o de 5 (cinco) cargos de brigadistas, tempor\u00e1rios para atender a brigada nesta municipalidade."}, {"id": "63", "ano": "2022", "numero": "12", "tipo__sigla": "PROPO", "tipo__descricao": "Indica\u00e7\u00e3o", "autoria": "Gauchinho da Areia, Gleyce, Malag\u00e3o, Ronaldo da Macuco, Wender Bier, Zacarias", "texto_original": "http://sapl.comodoro.mt.leg.br/media/sapl/public/materialegislativa/2022/63/indicacao_n_012-2022.pdf", "ementa": "Indica ao Chefe do Poder Executivo Municipal, a recupera\u00e7\u00e3o de uma ponte e reabertura de um trecho de estrada rural na Gleba Zambam, Travess\u00e3o III."}, {"id": "64", "ano": "2022", "numero": "13", "tipo__sigla": "PROPO", "tipo__descricao": "Indica\u00e7\u00e3o", "autoria": "Zacarias", "texto_original": "http://sapl.comodoro.mt.leg.br/media/sapl/public/materialegislativa/2022/64/indicacao_n_013-2022.pdf", "ementa": "Indica ao Chefe do Poder Executivo Municipal, an\u00e1lise para confec\u00e7\u00e3o de um Projeto de Lei que nomeie as ruas do Loteamento Reserva Park, neste munic\u00edpio."}, {"id": "65", "ano": "2022", "numero": "14", "tipo__sigla": "PROPO", "tipo__descricao": "Indica\u00e7\u00e3o", "autoria": "Zacarias", "texto_original": "http://sapl.comodoro.mt.leg.br/media/sapl/public/materialegislativa/2022/65/indicacao_n_014-2022.pdf", "ementa": "Indica ao Chefe do Poder Executivo Municipal, instala\u00e7\u00e3o de bloquetes/ paralelep\u00edpedos num trecho na Rua das Pitangueiras entre as quadras 10, 11, 26, 27, sentido Avenida Mato Grosso e outro trecho na Rua  Rio Grande do Sul, sentido \u00e0 Rua das Ac\u00e1cias, neste munic\u00edpio"}, {"id": "144", "ano": "2022", "numero": "15", "tipo__sigla": "PROPO", "tipo__descricao": "Indica\u00e7\u00e3o", "autoria": "Alan Viotto, Bell, Eliano Bridi, Malag\u00e3o, Paulo Bezerra, Robervane Oliveira, Zacarias", "texto_original": "http://sapl.comodoro.mt.leg.br/media/sapl/public/materialegislativa/2022/144/indicacao_15-2022.pdf", "ementa": "Indica ao Chefe do Poder Executivo Municipal, a atualiza\u00e7\u00e3o do quadro de Sal\u00e1rio M\u00ednimo do ACS (Agentes Comunit\u00e1rios de Sa\u00fade)."}, {"id": "145", "ano": "2022", "numero": "16", "tipo__sigla": "PROPO", "tipo__descricao": "Indica\u00e7\u00e3o", "autoria": "", "texto_original": "http://sapl.comodoro.mt.leg.br/media/sapl/public/materialegislativa/2022/145/indicacao_16-2022.pdf", "ementa": "Indica ao Chefe do Poder Executivo Municipal, aquisi\u00e7\u00e3o de \u00f4nibus escolares para atender os alunos do Munic\u00edpio de Comodoro, com 100% (cem por cento) de frota pr\u00f3pria."}, {"id": "146", "ano": "2022", "numero": "17", "tipo__sigla": "PROPO", "tipo__descricao": "Indica\u00e7\u00e3o", "autoria": "", "texto_original": "http://sapl.comodoro.mt.leg.br/media/sapl/public/materialegislativa/2022/146/indicacao_17-2022.pdf", "ementa": "Indica ao Chefe do Poder Executivo Municipal, que durante o per\u00edodo de revitaliza\u00e7\u00e3o da Avenida Prefeito Valdir Masutti, as ruas paralelas da avenida tornem-se de m\u00e3o dupla."}, {"id": "84", "ano": "2022", "numero": "18", "tipo__sigla": "PROPO", "tipo__descricao": "Indica\u00e7\u00e3o", "autoria": "Gleyce", "texto_original": "http://sapl.comodoro.mt.leg.br/media/sapl/public/materialegislativa/2022/84/indicacao_18-2022.pdf", "ementa": "Indica ao Chefe do Poder Executivo Municipal, a cria\u00e7\u00e3o do \"Programa Pra\u00e7as Digitais\" a ser instalado nas pra\u00e7as do Munic\u00edpio de Comodoro/MT."}, {"id": "85", "ano": "2022", "numero": "19", "tipo__sigla": "PROPO", "tipo__descricao": "Indica\u00e7\u00e3o", "autoria": "Bell, Eliano Bridi, Malag\u00e3o, Paulo Bezerra, Ronaldo da Macuco, Wender Bier, Zacarias", "texto_original": "http://sapl.comodoro.mt.leg.br/media/sapl/public/materialegislativa/2022/85/indicacao_19-2022.pdf", "ementa": "Indicam ao Chefe do Poder Executivo Municipal, que denomine o Campo de Futebol da Comunidade M\u00e3e da Terra, no Distrito de Col\u00f4nia dos Mineiros, como Davi Gabriel Lopes."}, {"id": "104", "ano": "2022", "numero": "20", "tipo__sigla": "PROPO", "tipo__descricao": "Indica\u00e7\u00e3o", "autoria": "Alan Viotto, Bell, Eliano Bridi, Paulo Bezerra, Robervane Oliveira", "texto_original": "http://sapl.comodoro.mt.leg.br/media/sapl/public/materialegislativa/2022/104/indicacao_20-2022_ok.pdf", "ementa": "Indica ao Chefe do Poder Executivo Municipal, a cria\u00e7\u00e3o do Fundo Municipal de Pol\u00edticas Penais."}, {"id": "105", "ano": "2022", "numero": "21", "tipo__sigla": "PROPO", "tipo__descricao": "Indica\u00e7\u00e3o", "autoria": "Gleyce", "texto_original": "http://sapl.comodoro.mt.leg.br/media/sapl/public/materialegislativa/2022/105/indicacao_no_21-2022.pdf", "ementa": "Indica ao Chefe do Poder Executivo Municipal, a constru\u00e7\u00e3o de uma Quadra Poliesportiva para a Escola Municipal Helena Matiuzzo Feliz."}, {"id": "114", "ano": "2022", "numero": "22", "tipo__sigla": "PROPO", "tipo__descricao": "Indica\u00e7\u00e3o", "autoria": "", "texto_original": "http://sapl.comodoro.mt.leg.br/media/sapl/public/materialegislativa/2022/114/indicacao_no_22-2022.pdf", "ementa": "\"Indica ao Chefe do Poder Executivo Municipal, a afixa\u00e7\u00e3o de Placas Indicativas com os nomes das Ruas em locais estrat\u00e9gicos.\""}, {"id": "115", "ano": "2022", "numero": "23", "tipo__sigla": "PROPO", "tipo__descricao": "Indica\u00e7\u00e3o", "autoria": "", "texto_original": "http://sapl.comodoro.mt.leg.br/media/sapl/public/materialegislativa/2022/115/indicacao_no_23-2022.pdf", "ementa": "Indica ao Chefe do Poder Executivo Municipal, a cria\u00e7\u00e3o de Projeto \"Bolsa Atleta Comodorense\"."}, {"id": "71", "ano": "2022", "numero": "4", "tipo__sigla": "PLOM", "tipo__descricao": "Projeto de Emenda \u00e0 LOM", "autoria": "Alan Viotto, Bell, Eliano Bridi, Paulo Bezerra, Robervane Oliveira", "texto_original": "http://sapl.comodoro.mt.leg.br/media/sapl/public/materialegislativa/2022/71/projeto_de_emenda_a_lei_organica_n_04-2022.pdf", "ementa": "Altera o caput do art. 7\u00ba da Lei Org\u00e2nica Municipal, Resolu\u00e7\u00e3o n.\u00ba 006/2008 de 03/12/2008, o qual disp\u00f5e sobre o n\u00famero de vereadores  do Munic\u00edpio."}, {"id": "72", "ano": "2022", "numero": "5", "tipo__sigla": "PLOM", "tipo__descricao": "Projeto de Emenda \u00e0 LOM", "autoria": "Alan Viotto, Bell, Eliano Bridi, Paulo Bezerra, Robervane Oliveira", "texto_original": "http://sapl.comodoro.mt.leg.br/media/sapl/public/materialegislativa/2022/72/projeto_de_emenda_a_lei_organica_n_05-2022.pdf", "ementa": "Altera os \u00a7\u00a7 11 e 13 do art. 137 da Lei Org\u00e2nica Municipal, Resolu\u00e7\u00e3o n.\u00ba 006/2008 de 03/12/2008, os quais  disp\u00f5em sobre as emendas parlamentares ao projeto de lei or\u00e7ament\u00e1ria anual do Munic\u00edpio."}, {"id": "116", "ano": "2022", "numero": "1", "tipo__sigla": "EM", "tipo__descricao": "Emenda Modificada", "autoria": "", "texto_original": "http://sapl.comodoro.mt.leg.br/media/sapl/public/materialegislativa/2022/116/emenda_modificativa_no_01-2022_ao_pl_44.pdf", "ementa": "\"Altera os incisos II, III, VIII, IX, X, XV, XVII e XXI do art. 2 do Projeto de Lei n\u00ba 044/2022, passando a constar em tais incisos os nomes e sobrenomes dos homenageados ao \u00ednves de seus ep\u00edtetos.\""}, {"id": "117", "ano": "2022", "numero": "2", "tipo__sigla": "EM", "tipo__descricao": "Emenda Modificada", "autoria": "", "texto_original": "http://sapl.comodoro.mt.leg.br/media/sapl/public/materialegislativa/2022/117/emenda_modificativa_no_02-2022_ao_pl_61.pdf", "ementa": "\"Acrescenta a al\u00ednea \"g\" ao \u00a72 do art. 2\u00ba e complementa o art. 3\u00ba do Projeto de Lei n\u00ba 061/2022.\""}, {"id": "235", "ano": "2022", "numero": "1", "tipo__sigla": "LP", "tipo__descricao": "Presen\u00e7a dos Vereadores nas Sess\u00f5es", "autoria": "C\u00e2mara Municipal - CM", "texto_original": "http://sapl.comodoro.mt.leg.br/media/sapl/public/materialegislativa/2022/235/ano_2022.pdf", "ementa": "LISTA DE PRESEN\u00c7A DOS VEREADORES NAS SESS\u00d5ES ORDIN\u00c1RIAS DE 2022"}, {"id": "243", "ano": "2022", "numero": "2", "tipo__sigla": "LP", "tipo__descricao": "Presen\u00e7a dos Vereadores nas Sess\u00f5es", "autoria": "C\u00e2mara Municipal - CM", "texto_original": "http://sapl.comodoro.mt.leg.br/media/sapl/public/materialegislativa/2022/243/extra_2022.pdf", "ementa": "LISTA DE PRESEN\u00c7A DOS VEREADORES NAS SESS\u00d5ES EXTRAORDIN\u00c1RIAS DE 2022"}, {"id": "248", "ano": "2022", "numero": "3", "tipo__sigla": "LP", "tipo__descricao": "Presen\u00e7a dos Vereadores nas Sess\u00f5es", "autoria": "C\u00e2mara Municipal - CM", "texto_original": "http://sapl.comodoro.mt.leg.br/media/sapl/public/materialegislativa/2022/248/solenes_2022.pdf", "ementa": "LISTA DE PRESEN\u00c7A DOS VEREADORES NAS SESS\u00d5ES SOLENES DE 2022"}, {"id": "350", "ano": "2022", "numero": "1", "tipo__sigla": "PS", "tipo__descricao": "Pauta das Sess\u00f5es", "autoria": "", "texto_original": "http://sapl.comodoro.mt.leg.br/media/sapl/public/materialegislativa/2022/350/pauta_-_1a_sessao_ext._17.01.2022-_pelom_-_pauta_ii_-_i_turno.doc", "ementa": "1\u00aa (PRIMEIRA) SESS\u00c3O EXTRAORDIN\u00c1RIA, 2\u00ba PER\u00cdODO LEGISLATIVO \u2013 ANO 2022"}, {"id": "351", "ano": "2022", "numero": "2", "tipo__sigla": "PS", "tipo__descricao": "Pauta das Sess\u00f5es", "autoria": "", "texto_original": "http://sapl.comodoro.mt.leg.br/media/sapl/public/materialegislativa/2022/351/pauta_-_2a_sessao_ext._21.01.2022-_pelom_-_ii_turno.doc", "ementa": "2\u00aa (SEGUNDA) SESS\u00c3O EXTRAORDIN\u00c1RIA, 2\u00ba PER\u00cdODO LEGISLATIVO \u2013 ANO 2022"}, {"id": "352", "ano": "2022", "numero": "3", "tipo__sigla": "PS", "tipo__descricao": "Pauta das Sess\u00f5es", "autoria": "", "texto_original": "http://sapl.comodoro.mt.leg.br/media/sapl/public/materialegislativa/2022/352/pauta_-_3a_sessao_ext._01.06.2022-_pl_15_e_19_e_27_do_executivo_-_pauta_ii.doc", "ementa": "3\u00aa (TERCEIRA) SESS\u00c3O EXTRAORDIN\u00c1RIA, 2\u00ba PER\u00cdODO LEGISLATIVO \u2013 ANO 2022"}, {"id": "353", "ano": "2022", "numero": "4", "tipo__sigla": "PS", "tipo__descricao": "Pauta das Sess\u00f5es", "autoria": "", "texto_original": "http://sapl.comodoro.mt.leg.br/media/sapl/public/materialegislativa/2022/353/pauta_-_4a_sessao_ext._30.06.2022.doc", "ementa": "4\u00aa (QUARTA) SESS\u00c3O EXTRAORDIN\u00c1RIA, 2\u00ba PER\u00cdODO LEGISLATIVO \u2013 ANO 2022"}, {"id": "354", "ano": "2022", "numero": "5", "tipo__sigla": "PS", "tipo__descricao": "Pauta das Sess\u00f5es", "autoria": "", "texto_original": "http://sapl.comodoro.mt.leg.br/media/sapl/public/materialegislativa/2022/354/pauta_-_5a_sessao_ext._08.12.2022.doc", "ementa": "A 5\u00aa (QUINTA) SESS\u00c3O EXTRAORDIN\u00c1RIA, 2\u00ba PER\u00cdODO LEGISLATIVO \u2013 ANO 2022"}, {"id": "355", "ano": "2022", "numero": "6", "tipo__sigla": "PS", "tipo__descricao": "Pauta das Sess\u00f5es", "autoria": "", "texto_original": "http://sapl.comodoro.mt.leg.br/media/sapl/public/materialegislativa/2022/355/pauta_1a_sessao_ordinaria_2o_per_-_10-02-2022.doc", "ementa": "1\u00aa (PRIMEIRA) SESS\u00c3O ORDIN\u00c1RIA, DO 1\u00ba SEMESTRE DO \u2013 2\u00ba PER\u00cdODO LEGISLATIVO ANO DE 2022"}, {"id": "356", "ano": "2022", "numero": "7", "tipo__sigla": "PS", "tipo__descricao": "Pauta das Sess\u00f5es", "autoria": "", "texto_original": "http://sapl.comodoro.mt.leg.br/media/sapl/public/materialegislativa/2022/356/pauta_2a_sessao_ordinaria_2o_per_-_23-02-2022_-_pauta_i.doc", "ementa": "2\u00aa (SEGUNDA) SESS\u00c3O ORDIN\u00c1RIA, DO 1\u00ba SEMESTRE DO \u2013 2\u00ba PER\u00cdODO LEGISLATIVO ANO DE 2022"}, {"id": "357", "ano": "2022", "numero": "8", "tipo__sigla": "PS", "tipo__descricao": "Pauta das Sess\u00f5es", "autoria": "", "texto_original": "http://sapl.comodoro.mt.leg.br/media/sapl/public/materialegislativa/2022/357/pauta_3a_sessao_ordinaria_2o_per_-_07-03-2022.doc", "ementa": "3\u00aa (TERCEIRA) SESS\u00c3O ORDIN\u00c1RIA, DO 1\u00ba SEMESTRE DO \u2013 2\u00ba PER\u00cdODO LEGISLATIVO ANO DE 2022"}, {"id": "358", "ano": "2022", "numero": "9", "tipo__sigla": "PS", "tipo__descricao": "Pauta das Sess\u00f5es", "autoria": "", "texto_original": "http://sapl.comodoro.mt.leg.br/media/sapl/public/materialegislativa/2022/358/pauta_4a_sessao_ordinaria_2o_per_-_21-03-2022.doc", "ementa": "4\u00aa (QUARTA) SESS\u00c3O ORDIN\u00c1RIA, DO 1\u00ba SEMESTRE DO \u2013 2\u00ba PER\u00cdODO LEGISLATIVO ANO DE 2022"}, {"id": "359", "ano": "2022", "numero": "10", "tipo__sigla": "PS", "tipo__descricao": "Pauta das Sess\u00f5es", "autoria": "", "texto_original": "http://sapl.comodoro.mt.leg.br/media/sapl/public/materialegislativa/2022/359/pauta_5a_sessao_ordinaria_2o_per_-_04-04-2022.doc", "ementa": "5\u00aa (QUINTA) SESS\u00c3O ORDIN\u00c1RIA, DO 1\u00ba SEMESTRE DO \u2013 2\u00ba PER\u00cdODO LEGISLATIVO ANO DE 2022"}, {"id": "360", "ano": "2022", "numero": "11", "tipo__sigla": "PS", "tipo__descricao": "Pauta das Sess\u00f5es", "autoria": "", "texto_original": "http://sapl.comodoro.mt.leg.br/media/sapl/public/materialegislativa/2022/360/pauta_6a_sessao_ordinaria_2o_per_-_18-04-2022.doc", "ementa": "A 6\u00aa (SEXTA) SESS\u00c3O ORDIN\u00c1RIA, DO 1\u00ba SEMESTRE DO \u2013 2\u00ba PER\u00cdODO LEGISLATIVO ANO DE 2022"}, {"id": "361", "ano": "2022", "numero": "12", "tipo__sigla": "PS", "tipo__descricao": "Pauta das Sess\u00f5es", "autoria": "", "texto_original": "http://sapl.comodoro.mt.leg.br/media/sapl/public/materialegislativa/2022/361/pauta_7a_sessao_ordinaria_2o_per_-_02-05-2022.doc", "ementa": "7\u00aa (S\u00c9TIMA) SESS\u00c3O ORDIN\u00c1RIA, DO 1\u00ba SEMESTRE DO \u2013 2\u00ba PER\u00cdODO LEGISLATIVO ANO DE 2022"}, {"id": "362", "ano": "2022", "numero": "13", "tipo__sigla": "PS", "tipo__descricao": "Pauta das Sess\u00f5es", "autoria": "", "texto_original": "http://sapl.comodoro.mt.leg.br/media/sapl/public/materialegislativa/2022/362/pauta_8a_sessao_ordinaria_2o_per_-16-05-2022_-_pauta_ii_-_julgamento_de_contas_2020_-_jeferson.doc", "ementa": "8\u00aa (OITAVA) SESS\u00c3O ORDIN\u00c1RIA, DO 1\u00ba SEMESTRE DO \u2013 2\u00ba PER\u00cdODO LEGISLATIVO ANO DE 2022"}, {"id": "363", "ano": "2022", "numero": "14", "tipo__sigla": "PS", "tipo__descricao": "Pauta das Sess\u00f5es", "autoria": "", "texto_original": "http://sapl.comodoro.mt.leg.br/media/sapl/public/materialegislativa/2022/363/pauta_9a_sessao_ordinaria_2o_per_-_13-06-2022.doc", "ementa": "9\u00aa (NONA) SESS\u00c3O ORDIN\u00c1RIA, DO 1\u00ba SEMESTRE DO \u2013 2\u00ba PER\u00cdODO LEGISLATIVO ANO DE 2022"}, {"id": "364", "ano": "2022", "numero": "15", "tipo__sigla": "PS", "tipo__descricao": "Pauta das Sess\u00f5es", "autoria": "", "texto_original": "http://sapl.comodoro.mt.leg.br/media/sapl/public/materialegislativa/2022/364/pauta_10a_sessao_ordinaria_2o_per_-_27-06-2022_-_com_ldo.doc", "ementa": "10\u00aa (D\u00c9CIMA) SESS\u00c3O ORDIN\u00c1RIA, DO 1\u00ba SEMESTRE DO \u2013 2\u00ba PER\u00cdODO LEGISLATIVO ANO DE 2022"}, {"id": "365", "ano": "2022", "numero": "16", "tipo__sigla": "PS", "tipo__descricao": "Pauta das Sess\u00f5es", "autoria": "", "texto_original": "http://sapl.comodoro.mt.leg.br/media/sapl/public/materialegislativa/2022/365/pauta_1a_sessao_ordinaria_2o_per_-_10-02-2022.doc", "ementa": "1\u00aa (PRIMEIRA) SESS\u00c3O ORDIN\u00c1RIA, DO 2\u00ba SEMESTRE DO \u2013 2\u00ba PER\u00cdODO LEGISLATIVO ANO DE 2022"}, {"id": "366", "ano": "2022", "numero": "17", "tipo__sigla": "PS", "tipo__descricao": "Pauta das Sess\u00f5es", "autoria": "", "texto_original": "http://sapl.comodoro.mt.leg.br/media/sapl/public/materialegislativa/2022/366/pauta_2a_sessao_ordinaria_2o_per_-_23-02-2022_-_pauta_i.doc", "ementa": "2\u00aa (SEGUNDA) SESS\u00c3O ORDIN\u00c1RIA, DO 2\u00ba SEMESTRE DO \u2013 2\u00ba PER\u00cdODO LEGISLATIVO ANO DE 2022"}, {"id": "367", "ano": "2022", "numero": "18", "tipo__sigla": "PS", "tipo__descricao": "Pauta das Sess\u00f5es", "autoria": "", "texto_original": "http://sapl.comodoro.mt.leg.br/media/sapl/public/materialegislativa/2022/367/pauta_3a_sessao_ordinaria_2o_per_-_07-03-2022.doc", "ementa": "3\u00aa (TERCEIRA) SESS\u00c3O ORDIN\u00c1RIA, DO 2\u00ba SEMESTRE DO \u2013 2\u00ba PER\u00cdODO LEGISLATIVO ANO DE 2022"}, {"id": "368", "ano": "2022", "numero": "19", "tipo__sigla": "PS", "tipo__descricao": "Pauta das Sess\u00f5es", "autoria": "", "texto_original": "http://sapl.comodoro.mt.leg.br/media/sapl/public/materialegislativa/2022/368/pauta_4a_sessao_ordinaria_2o_semestre_do_2o_periodo_2022_-_19-09-2022.doc", "ementa": "4\u00aa (QUARTA) SESS\u00c3O ORDIN\u00c1RIA, DO 2\u00ba SEMESTRE DO \u2013 2\u00ba PER\u00cdODO LEGISLATIVO ANO DE 2022"}, {"id": "369", "ano": "2022", "numero": "20", "tipo__sigla": "PS", "tipo__descricao": "Pauta das Sess\u00f5es", "autoria": "", "texto_original": "http://sapl.comodoro.mt.leg.br/media/sapl/public/materialegislativa/2022/369/pauta_5a_sessao_ordinaria_2o_semestre_do_2o_periodo_2022_-_10-10-2022.doc", "ementa": "5\u00aa (QUINTA) SESS\u00c3O ORDIN\u00c1RIA, DO 2\u00ba SEMESTRE DO \u2013 2\u00ba PER\u00cdODO LEGISLATIVO ANO DE 2022"}, {"id": "370", "ano": "2022", "numero": "21", "tipo__sigla": "PS", "tipo__descricao": "Pauta das Sess\u00f5es", "autoria": "", "texto_original": "http://sapl.comodoro.mt.leg.br/media/sapl/public/materialegislativa/2022/370/pauta_6a_sessao_ordinaria_2o_semestre_do_2o_periodo_2022_-_24-10-2022.doc", "ementa": "A 6\u00aa (SEXTA) SESS\u00c3O ORDIN\u00c1RIA, DO 2\u00ba SEMESTRE DO \u2013 2\u00ba PER\u00cdODO LEGISLATIVO ANO DE 2022"}, {"id": "371", "ano": "2022", "numero": "22", "tipo__sigla": "PS", "tipo__descricao": "Pauta das Sess\u00f5es", "autoria": "", "texto_original": "http://sapl.comodoro.mt.leg.br/media/sapl/public/materialegislativa/2022/371/pauta_7a_sessao_ordinaria_2o_semestre_do_2o_periodo_2022_-_07-11-2022.doc", "ementa": "7\u00aa (S\u00c9TIMA) SESS\u00c3O ORDIN\u00c1RIA, DO 2\u00ba SEMESTRE DO \u2013 2\u00ba PER\u00cdODO LEGISLATIVO ANO DE 2022"}, {"id": "372", "ano": "2022", "numero": "23", "tipo__sigla": "PS", "tipo__descricao": "Pauta das Sess\u00f5es", "autoria": "", "texto_original": "http://sapl.comodoro.mt.leg.br/media/sapl/public/materialegislativa/2022/372/pauta_8a_sessao_ordinaria_2o_semestre_do_2o_periodo_2022_-_21-11-2022.doc", "ementa": "8\u00aa (OITAVA) SESS\u00c3O ORDIN\u00c1RIA, DO 2\u00ba SEMESTRE DO \u2013 2\u00ba PER\u00cdODO LEGISLATIVO ANO DE 2022"}, {"id": "373", "ano": "2022", "numero": "24", "tipo__sigla": "PS", "tipo__descricao": "Pauta das Sess\u00f5es", "autoria": "", "texto_original": "http://sapl.comodoro.mt.leg.br/media/sapl/public/materialegislativa/2022/373/pauta_9a_sessao_ordinaria_2o_semestre_do_2o_periodo_2022_-_05-12-2022_-_eleicao_mesa_diretora.doc", "ementa": "A 9\u00aa (NONA) SESS\u00c3O ORDIN\u00c1RIA, DO 2\u00ba SEMESTRE DO \u2013 2\u00ba PER\u00cdODO LEGISLATIVO ANO DE 2022"}, {"id": "401", "ano": "2022", "numero": "25", "tipo__sigla": "PS", "tipo__descricao": "Pauta das Sess\u00f5es", "autoria": "", "texto_original": "http://sapl.comodoro.mt.leg.br/media/sapl/public/materialegislativa/2022/401/roteiro_sessao_solene_-_concessoes_de_honrarias_-__28-11-2002.doc", "ementa": "1\u00aa (PRIMEIRA) SESS\u00c3O SOLENE, 2\u00ba SEMESTRE DO \u2013 1\u00ba PER\u00cdODO LEGISLATIVO ANO DE 2022"}, {"id": "283", "ano": "2022", "numero": "1", "tipo__sigla": "VN", "tipo__descricao": "Lista de Vota\u00e7\u00e3o Nominal", "autoria": "", "texto_original": "http://sapl.comodoro.mt.leg.br/media/sapl/public/materialegislativa/2022/283/2022.pdf", "ementa": "LISTA DE VOTA\u00c7\u00c3O NOMINAL - JULGAMENTO DAS CONTAS ANUAIS DE GOVERNO DE 2020 - PREFEITO JEFERSON FERREIRA GOMES"}]}