{"headers": {"id": "ID", "ano": "Ano", "numero": "N\u00famero", "tipo__sigla": "Tipo de Mat\u00e9ria Legislativa/Sigla", "tipo__descricao": "Tipo de Mat\u00e9ria Legislativa/Descri\u00e7\u00e3o", "autoria": "Autorias", "texto_original": "Texto Original", "ementa": "Ementa"}, "results": [{"id": "75", "ano": "2021", "numero": "1", "tipo__sigla": "PL", "tipo__descricao": "Projeto de Lei - Poder Legislativo", "autoria": "Alan Viotto, Bell, Eliano Bridi, Gauchinho da Areia, Gleyce, Malag\u00e3o, Paulo Bezerra, Robervane Oliveira, Ronaldo da Macuco, Wender Bier, Zacarias", "texto_original": "http://sapl.comodoro.mt.leg.br/media/sapl/public/materialegislativa/2021/75/projeto_de_lei_01-2021.pdf", "ementa": "Disp\u00f5e sobre a declara\u00e7\u00e3o de utilidade p\u00fablica a Associa\u00e7\u00e3o dos Produtores de Leite da Regi\u00e3o Oeste de Mato Grosso - APLO-MT."}, {"id": "76", "ano": "2021", "numero": "2", "tipo__sigla": "PL", "tipo__descricao": "Projeto de Lei - Poder Legislativo", "autoria": "Alan Viotto, Bell, Eliano Bridi, Gauchinho da Areia, Gleyce, Malag\u00e3o, Paulo Bezerra, Ronaldo da Macuco, Wender Bier, Zacarias", "texto_original": "http://sapl.comodoro.mt.leg.br/media/sapl/public/materialegislativa/2021/76/projeto_de_lei_02-2021.pdf", "ementa": "\"Disp\u00f5e sobre a declara\u00e7\u00e3o de utilidade p\u00fablica \u00e0 \"Associa\u00e7\u00e3o Amigos dos Animais Comodoro - AAMA/MT\"."}, {"id": "221", "ano": "2021", "numero": "3", "tipo__sigla": "PL", "tipo__descricao": "Projeto de Lei - Poder Legislativo", "autoria": "Mesa Diretora", "texto_original": "http://sapl.comodoro.mt.leg.br/media/sapl/public/materialegislativa/2021/221/projeto_de_lei_03-2021.pdf", "ementa": "\u201cInstitui, no \u00e2mbito do Munic\u00edpio de Comodoro, o Programa Vereador Mirim - de Sensibiliza\u00e7\u00e3o e Politiza\u00e7\u00e3o da Juventude Comodorense sobre o Poder Legislativo, e d\u00e1 outras provid\u00eancias\"."}, {"id": "222", "ano": "2021", "numero": "4", "tipo__sigla": "PL", "tipo__descricao": "Projeto de Lei - Poder Legislativo", "autoria": "Robervane Oliveira", "texto_original": "http://sapl.comodoro.mt.leg.br/media/sapl/public/materialegislativa/2021/222/projeto_de_lei_04-2021.pdf", "ementa": "\u201cDisp\u00f5e sobre a suspens\u00e3o do prazo de concursos p\u00fablicos durante a vig\u00eancia do estado de calamidade p\u00fablica decorrente da pandemia do coronav\u00edrus (Covid-19)\u201d"}, {"id": "223", "ano": "2021", "numero": "5", "tipo__sigla": "PL", "tipo__descricao": "Projeto de Lei - Poder Legislativo", "autoria": "Robervane Oliveira", "texto_original": "http://sapl.comodoro.mt.leg.br/media/sapl/public/materialegislativa/2021/223/projeto_de_lei_05-2021.pdf", "ementa": "\u201cEstabelece refor\u00e7o da vacina\u00e7\u00e3o da popula\u00e7\u00e3o idosa do munic\u00edpio de Comodoro \u2013 MT, que tenha recebido duas doses da vacina contra a covid-19 no primeiro semestre de 2021 com uma dose das vacinas contra a covid-19 Oxford-Astrazeneca ou Pfizer, no prazo que menciona e d\u00e1 outras provid\u00eancias\u201d"}, {"id": "80", "ano": "2021", "numero": "6", "tipo__sigla": "PL", "tipo__descricao": "Projeto de Lei - Poder Legislativo", "autoria": "Robervane Oliveira", "texto_original": "http://sapl.comodoro.mt.leg.br/media/sapl/public/materialegislativa/2021/80/projeto_de_lei_06-2021.pdf", "ementa": "Disp\u00f5e sobre a inclus\u00e3o de conceitos de empreendedorismo na Rede Municipal de Ensino, e d\u00e1 outras provid\u00eancias."}, {"id": "81", "ano": "2021", "numero": "7", "tipo__sigla": "PL", "tipo__descricao": "Projeto de Lei - Poder Legislativo", "autoria": "Alan Viotto, Bell, Eliano Bridi, Paulo Bezerra, Robervane Oliveira", "texto_original": "http://sapl.comodoro.mt.leg.br/media/sapl/public/materialegislativa/2021/81/projeto_de_lei_07-2021.pdf", "ementa": "Disp\u00f5e sobre a suspens\u00e3o do prazo dos concursos p\u00fablicos j\u00e1 homologados pela Administra\u00e7\u00e3o Municipal e suas autarquias, desde a data de publica\u00e7\u00e3o do Decreto Legislativo n\u00ba 6, de 20 de mar\u00e7o de 2020, at\u00e9 o t\u00e9rmino da veda\u00e7\u00e3o do aumento de despesa com pessoal por for\u00e7a da Lei Complementar n\u00ba 173, de 27 de maio 2020."}, {"id": "82", "ano": "2021", "numero": "8", "tipo__sigla": "PL", "tipo__descricao": "Projeto de Lei - Poder Legislativo", "autoria": "Mesa Diretora", "texto_original": "http://sapl.comodoro.mt.leg.br/media/sapl/public/materialegislativa/2021/82/projeto_de_lei_08-2021.pdf", "ementa": "Autoriza a Contrata\u00e7\u00e3o de Servidores P\u00fablicos, para atendimento \u00e0 C\u00e2mara Municipal de Comodoro, face a  necessidade tempor\u00e1ria e excepcional interesse e d\u00e1 outras provid\u00eancias."}, {"id": "83", "ano": "2021", "numero": "9", "tipo__sigla": "PL", "tipo__descricao": "Projeto de Lei - Poder Legislativo", "autoria": "Mesa Diretora", "texto_original": "http://sapl.comodoro.mt.leg.br/media/sapl/public/materialegislativa/2021/83/projeto_de_lei_09-2021.pdf", "ementa": "Disp\u00f5e sobre a concess\u00e3o de d\u00e9cimo terceiro sal\u00e1rio aos Vereadores  da C\u00e2mara Municipal de Comodoro e d\u00e1 outras provid\u00eancias."}, {"id": "224", "ano": "2021", "numero": "10", "tipo__sigla": "PL", "tipo__descricao": "Projeto de Lei - Poder Legislativo", "autoria": "Alan Viotto", "texto_original": "http://sapl.comodoro.mt.leg.br/media/sapl/public/materialegislativa/2021/224/projeto_de_lei_no_010-2021_-_pratica_de_som_automotivo_-_alan.pdf", "ementa": "\u201cDefine, em car\u00e1ter prec\u00e1rio, \u00e1rea destinada \u00e0 pr\u00e1tica de som automotivo, fixa regras b\u00e1sicas e d\u00e1 outras provid\u00eancias\"."}, {"id": "1", "ano": "2021", "numero": "1", "tipo__sigla": "PROPO", "tipo__descricao": "Indica\u00e7\u00e3o", "autoria": "Gauchinho da Areia, Gleyce, Malag\u00e3o, Ronaldo da Macuco, Wender Bier, Zacarias", "texto_original": "http://sapl.comodoro.mt.leg.br/media/sapl/public/materialegislativa/2021/1/indicacao-001-2021.pdf", "ementa": "\"Indica do Chefe do Poder Executivo Municipal, recupera\u00e7\u00e3o das vias pavimentadas da cidade de Comodoro, com urg\u00eancia.\""}, {"id": "2", "ano": "2021", "numero": "2", "tipo__sigla": "PROPO", "tipo__descricao": "Indica\u00e7\u00e3o", "autoria": "", "texto_original": "http://sapl.comodoro.mt.leg.br/media/sapl/public/materialegislativa/2021/2/indicacao_no_002-2021.pdf", "ementa": "Indica do Chefe do Poder Executivo Municipal, provid\u00eancias emergenciais quanto a substitui\u00e7\u00e3o de l\u00e2mpadas queimadas em toda extens\u00e3o de rede de ilumina\u00e7\u00e3o da Avenida Prefeito Valdir Masutti."}, {"id": "3", "ano": "2021", "numero": "3", "tipo__sigla": "PROPO", "tipo__descricao": "Indica\u00e7\u00e3o", "autoria": "Gauchinho da Areia, Gleyce, Malag\u00e3o, Ronaldo da Macuco, Wender Bier, Zacarias", "texto_original": "http://sapl.comodoro.mt.leg.br/media/sapl/public/materialegislativa/2021/3/indicacao-003-2021.pdf", "ementa": "\"Indica do Chefe do Poder Executivo Municipal, provid\u00eancias quanto a elabora\u00e7\u00e3o de Projeto de Lei para implanta\u00e7\u00e3o do Programa \"Patrulha Adentro Mecanizada\" vinculado \u00e0 Secretaria Municipal de Desenvolvimento Rural e Meio Ambiente.\""}, {"id": "4", "ano": "2021", "numero": "4", "tipo__sigla": "PROPO", "tipo__descricao": "Indica\u00e7\u00e3o", "autoria": "Gauchinho da Areia, Gleyce, Malag\u00e3o, Ronaldo da Macuco, Wender Bier, Zacarias", "texto_original": "http://sapl.comodoro.mt.leg.br/media/sapl/public/materialegislativa/2021/4/indicacao-004-2021.pdf", "ementa": "\"Indica do Chefe do Poder Executivo Municipal, implanta\u00e7\u00e3o do PROPAP no \u00e2mbito do Munic\u00edpio de Comodoro/MT, bem como provid\u00eancias quanto a composi\u00e7\u00e3o de CONSELHO GESTOR do F-PAP, criados pelas Leis 1.590 e 1.591/15, de 16/06/2015."}, {"id": "5", "ano": "2021", "numero": "5", "tipo__sigla": "PROPO", "tipo__descricao": "Indica\u00e7\u00e3o", "autoria": "Gauchinho da Areia, Gleyce, Malag\u00e3o, Ronaldo da Macuco, Wender Bier, Zacarias", "texto_original": "http://sapl.comodoro.mt.leg.br/media/sapl/public/materialegislativa/2021/5/indicacao-005-2021.pdf", "ementa": "Indica do Chefe do Poder Executivo Municipal, provid\u00eancias quanto a recupera\u00e7\u00e3o da m\u00e1quina retroescavadeira do PAC2, que se encontra parada por falta de manuten\u00e7\u00e3o."}, {"id": "6", "ano": "2021", "numero": "6", "tipo__sigla": "PROPO", "tipo__descricao": "Indica\u00e7\u00e3o", "autoria": "Gauchinho da Areia, Gleyce, Malag\u00e3o, Ronaldo da Macuco, Wender Bier, Zacarias", "texto_original": "http://sapl.comodoro.mt.leg.br/media/sapl/public/materialegislativa/2021/6/indicacao-006-2021.pdf", "ementa": "Indica do Chefe do Poder Executivo Municipal, contrata\u00e7\u00e3o de um M\u00e9dico Veterin\u00e1rio para atender a necessidade da Secretaria Municipal de Desenvolvimento Rural."}, {"id": "7", "ano": "2021", "numero": "7", "tipo__sigla": "PROPO", "tipo__descricao": "Indica\u00e7\u00e3o", "autoria": "Gauchinho da Areia, Gleyce, Malag\u00e3o, Ronaldo da Macuco, Wender Bier, Zacarias", "texto_original": "http://sapl.comodoro.mt.leg.br/media/sapl/public/materialegislativa/2021/7/indicacao-007-2021.pdf", "ementa": "Indica do Chefe do Poder Executivo Municipal, provid\u00eancias quanto a cria\u00e7\u00e3o de um Programa de Atendimento Odontol\u00f3gico direcionado as crian\u00e7as e mulheres."}, {"id": "8", "ano": "2021", "numero": "8", "tipo__sigla": "PROPO", "tipo__descricao": "Indica\u00e7\u00e3o", "autoria": "", "texto_original": "http://sapl.comodoro.mt.leg.br/media/sapl/public/materialegislativa/2021/8/indicacao_no_008-2021.pdf", "ementa": "Indica do Chefe do Poder Executivo Municipal, provid\u00eancias quanto a elabora\u00e7\u00e3o de Projeto de Lei para cria\u00e7\u00e3o do Fundo Municipal de Desenvolvimento Rural Sustent\u00e1vel de Comodoro/MT - FMDRS."}, {"id": "9", "ano": "2021", "numero": "9", "tipo__sigla": "PROPO", "tipo__descricao": "Indica\u00e7\u00e3o", "autoria": "", "texto_original": "http://sapl.comodoro.mt.leg.br/media/sapl/public/materialegislativa/2021/9/indicacao_no_009-2021.pdf", "ementa": "Indica do Chefe do Poder Executivo Municipal, provid\u00eancias junto aos \u00f3rg\u00e3os competentes quanto a  constru\u00e7\u00e3o de uma escola na Aldeia Enawen\u00ea Naw\u00ea, neste munic\u00edpio."}, {"id": "10", "ano": "2021", "numero": "10", "tipo__sigla": "PROPO", "tipo__descricao": "Indica\u00e7\u00e3o", "autoria": "Gauchinho da Areia, Gleyce, Malag\u00e3o, Ronaldo da Macuco, Wender Bier, Zacarias", "texto_original": "http://sapl.comodoro.mt.leg.br/media/sapl/public/materialegislativa/2021/10/indicacao-010-2021.pdf", "ementa": "\"Indica do Chefe do Poder Executivo Municipal, a designa\u00e7\u00e3o de servidores para atender as necessidades do Programa do Horto Municipal, cujo Fundo j\u00e1 disponibiliza recursos financeiros para custear as atividades do mesmo."}, {"id": "11", "ano": "2021", "numero": "11", "tipo__sigla": "PROPO", "tipo__descricao": "Indica\u00e7\u00e3o", "autoria": "Eliano Bridi", "texto_original": "http://sapl.comodoro.mt.leg.br/media/sapl/public/materialegislativa/2021/11/indicacao-011-2021.pdf", "ementa": "Indica do Chefe do Poder Executivo Municipal, provid\u00eancias emergenciais quanto a reforma e adequa\u00e7\u00e3o da altura das passarelas do canteiro central da Avenida Prefeito Valdir Masutti, nesta cidade."}, {"id": "12", "ano": "2021", "numero": "12", "tipo__sigla": "PROPO", "tipo__descricao": "Indica\u00e7\u00e3o", "autoria": "Alan Viotto, Bell, Eliano Bridi, Gauchinho da Areia, Gleyce, Malag\u00e3o, Paulo Bezerra, Robervane Oliveira, Ronaldo da Macuco, Wender Bier, Zacarias", "texto_original": "http://sapl.comodoro.mt.leg.br/media/sapl/public/materialegislativa/2021/12/indicacao-12-2021.pdf", "ementa": "\"Indica do Chefe do Poder Executivo Municipal, provid\u00eancias  quanto a substitui\u00e7\u00e3o dos bloquetes que foram arrancados pelas chuvas em frente \u00e0 COEDUC.\""}, {"id": "13", "ano": "2021", "numero": "13", "tipo__sigla": "PROPO", "tipo__descricao": "Indica\u00e7\u00e3o", "autoria": "Gauchinho da Areia, Gleyce, Malag\u00e3o, Ronaldo da Macuco, Wender Bier, Zacarias", "texto_original": "http://sapl.comodoro.mt.leg.br/media/sapl/public/materialegislativa/2021/13/indicacao-13-2021.pdf", "ementa": "\"Indica do Chefe do Poder Executivo Municipal, aquisi\u00e7\u00e3o de formas para fabrica\u00e7\u00e3o de paralelep\u00edpedos para a constru\u00e7\u00e3o de pavimenta\u00e7\u00e3o asf\u00e1ltica nas ruas do Bairro Cidade Verde, nesta cidade."}, {"id": "14", "ano": "2021", "numero": "14", "tipo__sigla": "PROPO", "tipo__descricao": "Indica\u00e7\u00e3o", "autoria": "Bell, Gauchinho da Areia, Gleyce, Malag\u00e3o, Paulo Bezerra, Ronaldo da Macuco", "texto_original": "http://sapl.comodoro.mt.leg.br/media/sapl/public/materialegislativa/2021/14/indicacao-14-2021.pdf", "ementa": "\"Indica do Chefe do Poder Executivo Municipal, contrata\u00e7\u00e3o de um Enfermeiro para atender na Unidade de Sa\u00fade do Distrito de Noroagro, neste Munic\u00edpio."}, {"id": "143", "ano": "2021", "numero": "15", "tipo__sigla": "PROPO", "tipo__descricao": "Indica\u00e7\u00e3o", "autoria": "", "texto_original": "http://sapl.comodoro.mt.leg.br/media/sapl/public/materialegislativa/2021/143/indicacao_no_015-2021.pdf", "ementa": "Indica ao Chefe do Poder Executivo Municipal, reforma na parte el\u00e9trica e aquisi\u00e7\u00e3o de computadores e impressora a laser multifuncional, para a Escola Municipal Carlos Pompermayer, no Distrito de Noroagro."}, {"id": "15", "ano": "2021", "numero": "16", "tipo__sigla": "PROPO", "tipo__descricao": "Indica\u00e7\u00e3o", "autoria": "", "texto_original": "http://sapl.comodoro.mt.leg.br/media/sapl/public/materialegislativa/2021/15/indicacao_no_016-2021.pdf", "ementa": "Indica ao Chefe do Poder Executivo Municipal, contrata\u00e7\u00e3o de empresa especializada em elabora\u00e7\u00e3o de projeto b\u00e1sico e executivo para atender a necessidade da Secretaria Municipal de Planejamento e Or\u00e7amento."}, {"id": "16", "ano": "2021", "numero": "17", "tipo__sigla": "PROPO", "tipo__descricao": "Indica\u00e7\u00e3o", "autoria": "Gleyce", "texto_original": "http://sapl.comodoro.mt.leg.br/media/sapl/public/materialegislativa/2021/16/indicacao-17-2021.pdf", "ementa": "Indica ao Chefe do Poder Executivo Municipal, cria\u00e7\u00e3o de uma Lei Municipal que conceda o selo de origem artesanal \"Selo Arte\" aos mun\u00edcipes de Comodoro/MT."}, {"id": "17", "ano": "2021", "numero": "18", "tipo__sigla": "PROPO", "tipo__descricao": "Indica\u00e7\u00e3o", "autoria": "Paulo Bezerra, Ronaldo da Macuco", "texto_original": "http://sapl.comodoro.mt.leg.br/media/sapl/public/materialegislativa/2021/17/indicacao-18.pdf", "ementa": "Indica ao Chefe do Poder Executivo Municipal, provid\u00eancias quanto \u00e0 viabiliza\u00e7\u00e3o de um local para ser utilizado como Casa de Apoio na cidade de Pontes e Lacerda/MT."}, {"id": "18", "ano": "2021", "numero": "19", "tipo__sigla": "PROPO", "tipo__descricao": "Indica\u00e7\u00e3o", "autoria": "Wender Bier", "texto_original": "http://sapl.comodoro.mt.leg.br/media/sapl/public/materialegislativa/2021/18/indicacao-19.pdf", "ementa": "Indica ao Chefe do Poder Executivo Municipal, implanta\u00e7\u00e3o do CAPS - Centro de Apoio Psicossocial no Munic\u00edpio de Comodoro/MT."}, {"id": "23", "ano": "2021", "numero": "20", "tipo__sigla": "PROPO", "tipo__descricao": "Indica\u00e7\u00e3o", "autoria": "Wender Bier", "texto_original": "http://sapl.comodoro.mt.leg.br/media/sapl/public/materialegislativa/2021/23/indicacao-20.pdf", "ementa": "Indica ao Chefe do Poder Executivo Municipal, a solicita\u00e7\u00e3o de subsidiar ajuda de custo do Poder Executivo Estadual para pagamento de internet para escolas do munic\u00edpio de Comodoro/MT"}, {"id": "24", "ano": "2021", "numero": "21", "tipo__sigla": "PROPO", "tipo__descricao": "Indica\u00e7\u00e3o", "autoria": "Wender Bier", "texto_original": "http://sapl.comodoro.mt.leg.br/media/sapl/public/materialegislativa/2021/24/indicacao-21.pdf", "ementa": "Indica ao Chefe do Poder Executivo Municipal, a cria\u00e7\u00e3o de um centro de Triagem, Diagn\u00f3stico de Pacientes com a COVID-19."}, {"id": "25", "ano": "2021", "numero": "22", "tipo__sigla": "PROPO", "tipo__descricao": "Indica\u00e7\u00e3o", "autoria": "Wender Bier", "texto_original": "http://sapl.comodoro.mt.leg.br/media/sapl/public/materialegislativa/2021/25/indicacao-22.pdf", "ementa": "Indica ao Chefe do Poder Executivo Municipal, destina\u00e7\u00e3o de parte do recurso para o enfrentamento da COVID-19 para aquisi\u00e7\u00e3o de medicamentos para auxiliar no tratamento da doen\u00e7a."}, {"id": "26", "ano": "2021", "numero": "23", "tipo__sigla": "PROPO", "tipo__descricao": "Indica\u00e7\u00e3o", "autoria": "Gauchinho da Areia, Gleyce, Malag\u00e3o, Ronaldo da Macuco, Wender Bier, Zacarias", "texto_original": "http://sapl.comodoro.mt.leg.br/media/sapl/public/materialegislativa/2021/26/indicacao-23.pdf", "ementa": "Indica ao Chefe do Poder Executivo Municipal, que 01 (uma) Unidade de Sa\u00fade permane\u00e7a funcionando em regime de plant\u00e3o durante os finais de semana e feriados."}, {"id": "27", "ano": "2021", "numero": "24", "tipo__sigla": "PROPO", "tipo__descricao": "Indica\u00e7\u00e3o", "autoria": "Alan Viotto, Bell, Eliano Bridi, Paulo Bezerra, Robervane Oliveira", "texto_original": "http://sapl.comodoro.mt.leg.br/media/sapl/public/materialegislativa/2021/27/indicacao-24-2021.pdf", "ementa": "Indica ao Chefe do Poder Executivo Municipal, a instru\u00e7\u00e3o de processo administrativo visando a Estadualiza\u00e7\u00e3o da Estrada da Baiana nesta municipalidade."}, {"id": "28", "ano": "2021", "numero": "25", "tipo__sigla": "PROPO", "tipo__descricao": "Indica\u00e7\u00e3o", "autoria": "Alan Viotto, Bell, Eliano Bridi, Malag\u00e3o, Paulo Bezerra, Ronaldo da Macuco, Zacarias", "texto_original": "http://sapl.comodoro.mt.leg.br/media/sapl/public/materialegislativa/2021/28/indicacao-252021.pdf", "ementa": "Indica ao Chefe do Poder Executivo Municipal, a an\u00e1lise para confec\u00e7\u00e3o de Projeto de Lei referente \u00e0 remunera\u00e7\u00e3o dos professores, servidores p\u00fablicos municipais, empossados ap\u00f3s a vig\u00eancia da Lei Municipal n\u00ba 1.732/2017."}, {"id": "29", "ano": "2021", "numero": "26", "tipo__sigla": "PROPO", "tipo__descricao": "Indica\u00e7\u00e3o", "autoria": "Alan Viotto, Bell, Eliano Bridi, Gauchinho da Areia, Gleyce, Malag\u00e3o, Paulo Bezerra, Robervane Oliveira, Ronaldo da Macuco, Wender Bier, Zacarias", "texto_original": "http://sapl.comodoro.mt.leg.br/media/sapl/public/materialegislativa/2021/29/indicacao_no_26-2021.pdf", "ementa": "Indica ao Chefe do Poder Executivo Municipal, a aprecia\u00e7\u00e3o quanto \u00e0 aplicabilidade factual da lei n\u00ba 13.722/2018 em nosso munic\u00edpio."}, {"id": "73", "ano": "2021", "numero": "27", "tipo__sigla": "PROPO", "tipo__descricao": "Indica\u00e7\u00e3o", "autoria": "Paulo Bezerra", "texto_original": "http://sapl.comodoro.mt.leg.br/media/sapl/public/materialegislativa/2021/73/indicacao_027-2021.pdf", "ementa": "Indica ao Chefe do Poder Executivo Municipal a inser\u00e7\u00e3o da Associa\u00e7\u00e3o dos Surdos de Comodoro (ASSUCDO) no rol elencado pelo art. 16 da Lei Municipal n\u00ba 1.902/2021."}, {"id": "74", "ano": "2021", "numero": "28", "tipo__sigla": "PROPO", "tipo__descricao": "Indica\u00e7\u00e3o", "autoria": "", "texto_original": "http://sapl.comodoro.mt.leg.br/media/sapl/public/materialegislativa/2021/74/indicacao_28-2021.pdf", "ementa": "Indicam ao Chefe  do Poder Executivo Municipal a analise para verifica\u00e7\u00e3o de eventuais sobras de recursos do Fundeb e sua possibilidade de destina\u00e7\u00e3o aos profissionais da educa\u00e7\u00e3o b\u00e1sica."}, {"id": "234", "ano": "2021", "numero": "1", "tipo__sigla": "LP", "tipo__descricao": "Presen\u00e7a dos Vereadores nas Sess\u00f5es", "autoria": "C\u00e2mara Municipal - CM", "texto_original": "http://sapl.comodoro.mt.leg.br/media/sapl/public/materialegislativa/2021/234/ano_2021.pdf", "ementa": "LISTA DE PRESEN\u00c7A DOS VEREADORES NAS SESS\u00d5ES ORDIN\u00c1RIAS DE 2021"}, {"id": "242", "ano": "2021", "numero": "2", "tipo__sigla": "LP", "tipo__descricao": "Presen\u00e7a dos Vereadores nas Sess\u00f5es", "autoria": "C\u00e2mara Municipal - CM", "texto_original": "http://sapl.comodoro.mt.leg.br/media/sapl/public/materialegislativa/2021/242/extra_2021.pdf", "ementa": "LISTA DE PRESEN\u00c7A DOS VEREADORES NAS SESS\u00d5ES EXTRAORDIN\u00c1RIAS DE 2021"}, {"id": "247", "ano": "2021", "numero": "3", "tipo__sigla": "LP", "tipo__descricao": "Presen\u00e7a dos Vereadores nas Sess\u00f5es", "autoria": "C\u00e2mara Municipal - CM", "texto_original": "http://sapl.comodoro.mt.leg.br/media/sapl/public/materialegislativa/2021/247/solenes_2021.pdf", "ementa": "LISTA DE PRESEN\u00c7A DOS VEREADORES NAS SESS\u00d5ES SOLENES DE 2021"}, {"id": "290", "ano": "2021", "numero": "1", "tipo__sigla": "PS", "tipo__descricao": "Pauta das Sess\u00f5es", "autoria": "", "texto_original": "http://sapl.comodoro.mt.leg.br/media/sapl/public/materialegislativa/2021/290/pauta_1a_sessao_ext._31.03.2021_-_pl_educacao_e_semder.doc", "ementa": "1\u00aa (PRIMEIRA) SESS\u00c3O EXTRAORDIN\u00c1RIA, DO 1\u00ba PER\u00cdODO LEGISLATIVO \u2013 ANO 2021"}, {"id": "291", "ano": "2021", "numero": "2", "tipo__sigla": "PS", "tipo__descricao": "Pauta das Sess\u00f5es", "autoria": "", "texto_original": "http://sapl.comodoro.mt.leg.br/media/sapl/public/materialegislativa/2021/291/pauta_2a_sessao_ext._30.06.2021_-_pl_ldo_2o_turno_e_pl_aama.doc", "ementa": "2\u00aa (SEGUNDA) SESS\u00c3O EXTRAORDIN\u00c1RIA, DO 1\u00ba PER\u00cdODO LEGISLATIVO \u2013 ANO 2021"}, {"id": "292", "ano": "2021", "numero": "3", "tipo__sigla": "PS", "tipo__descricao": "Pauta das Sess\u00f5es", "autoria": "", "texto_original": "http://sapl.comodoro.mt.leg.br/media/sapl/public/materialegislativa/2021/292/pauta_3a_sessao_ext._26.11.2021_-_pl.doc", "ementa": "3\u00aa (TERCEIRA) SESS\u00c3O EXTRAORDIN\u00c1RIA, 1\u00ba PER\u00cdODO LEGISLATIVO \u2013 ANO 2021"}, {"id": "293", "ano": "2021", "numero": "4", "tipo__sigla": "PS", "tipo__descricao": "Pauta das Sess\u00f5es", "autoria": "", "texto_original": "http://sapl.comodoro.mt.leg.br/media/", "ementa": "1\u00aa (PRIMEIRA) SESS\u00c3O ORDIN\u00c1RIA, DO 1\u00ba SEMESTRE DO \u2013 1\u00ba PER\u00cdODO LEGISLATIVO ANO DE 2021"}, {"id": "294", "ano": "2021", "numero": "5", "tipo__sigla": "PS", "tipo__descricao": "Pauta das Sess\u00f5es", "autoria": "", "texto_original": "http://sapl.comodoro.mt.leg.br/media/sapl/public/materialegislativa/2021/294/pauta_2a_sessao_1o_per_-25-02-2021.doc", "ementa": "A 2\u00aa (SEGUNDA) SESS\u00c3O ORDIN\u00c1RIA, DO 1\u00ba SEMESTRE DO \u2013 1\u00ba PER\u00cdODO LEGISLATIVO ANO DE 2021"}, {"id": "295", "ano": "2021", "numero": "6", "tipo__sigla": "PS", "tipo__descricao": "Pauta das Sess\u00f5es", "autoria": "", "texto_original": "http://sapl.comodoro.mt.leg.br/media/sapl/public/materialegislativa/2021/295/pauta_3a_sessao_1o_per_-08-03-2021.doc", "ementa": "3\u00aa (TERCEIRA) SESS\u00c3O ORDIN\u00c1RIA, DO 1\u00ba SEMESTRE DO \u2013 1\u00ba PER\u00cdODO LEGISLATIVO ANO DE 2021"}, {"id": "296", "ano": "2021", "numero": "7", "tipo__sigla": "PS", "tipo__descricao": "Pauta das Sess\u00f5es", "autoria": "", "texto_original": "http://sapl.comodoro.mt.leg.br/media/sapl/public/materialegislativa/2021/296/pauta_4a_sessao_1o_per_-22-03-2021.doc", "ementa": "4\u00aa (QUARTA) SESS\u00c3O ORDIN\u00c1RIA, DO 1\u00ba SEMESTRE DO \u2013 1\u00ba PER\u00cdODO LEGISLATIVO ANO DE 2021"}, {"id": "297", "ano": "2021", "numero": "8", "tipo__sigla": "PS", "tipo__descricao": "Pauta das Sess\u00f5es", "autoria": "", "texto_original": "http://sapl.comodoro.mt.leg.br/media/sapl/public/materialegislativa/2021/297/pauta_5a_sessao_1o_per_-12-04-2021.doc", "ementa": "5\u00aa (QUINTA) SESS\u00c3O ORDIN\u00c1RIA, DO 1\u00ba SEMESTRE DO \u2013 1\u00ba PER\u00cdODO LEGISLATIVO ANO DE 2021"}, {"id": "299", "ano": "2021", "numero": "9", "tipo__sigla": "PS", "tipo__descricao": "Pauta das Sess\u00f5es", "autoria": "", "texto_original": "http://sapl.comodoro.mt.leg.br/media/", "ementa": "6\u00aa (SEXTA) SESS\u00c3O ORDIN\u00c1RIA, DO 1\u00ba SEMESTRE DO \u2013 1\u00ba PER\u00cdODO LEGISLATIVO ANO DE 2021"}, {"id": "306", "ano": "2021", "numero": "10", "tipo__sigla": "PS", "tipo__descricao": "Pauta das Sess\u00f5es", "autoria": "", "texto_original": "http://sapl.comodoro.mt.leg.br/media/sapl/public/materialegislativa/2021/306/pauta_7a_sessao_1o_per_-10-05-2021.doc", "ementa": "7\u00aa (S\u00c9TIMA) SESS\u00c3O ORDIN\u00c1RIA, DO 1\u00ba SEMESTRE DO \u2013 1\u00ba PER\u00cdODO LEGISLATIVO ANO DE 2021"}, {"id": "307", "ano": "2021", "numero": "11", "tipo__sigla": "PS", "tipo__descricao": "Pauta das Sess\u00f5es", "autoria": "", "texto_original": "http://sapl.comodoro.mt.leg.br/media/", "ementa": "8\u00aa (OITAVA) SESS\u00c3O ORDIN\u00c1RIA, DO 1\u00ba SEMESTRE DO \u2013 1\u00ba PER\u00cdODO LEGISLATIVO ANO DE 2021"}, {"id": "311", "ano": "2021", "numero": "12", "tipo__sigla": "PS", "tipo__descricao": "Pauta das Sess\u00f5es", "autoria": "", "texto_original": "http://sapl.comodoro.mt.leg.br/media/", "ementa": "9\u00aa (NONA) SESS\u00c3O ORDIN\u00c1RIA, DO 1\u00ba SEMESTRE DO \u2013 1\u00ba PER\u00cdODO LEGISLATIVO ANO DE 2021"}, {"id": "316", "ano": "2021", "numero": "13", "tipo__sigla": "PS", "tipo__descricao": "Pauta das Sess\u00f5es", "autoria": "", "texto_original": "http://sapl.comodoro.mt.leg.br/media/sapl/public/materialegislativa/2021/316/pauta_10a_sessao_1o_per_-21-06-2021_-_ii.doc", "ementa": "10\u00aa (D\u00c9CIMA) SESS\u00c3O ORDIN\u00c1RIA, DO 1\u00ba SEMESTRE DO \u2013 1\u00ba PER\u00cdODO LEGISLATIVO ANO DE 2021"}, {"id": "341", "ano": "2021", "numero": "14", "tipo__sigla": "PS", "tipo__descricao": "Pauta das Sess\u00f5es", "autoria": "", "texto_original": "http://sapl.comodoro.mt.leg.br/media/sapl/public/materialegislativa/2021/341/pauta_1a_sessao_2o_per_-02-08-2021_-_ii.doc", "ementa": "1\u00aa (PRIMEIRA) SESS\u00c3O ORDIN\u00c1RIA, DO 2\u00ba SEMESTRE DO \u2013 1\u00ba PER\u00cdODO LEGISLATIVO ANO DE 2021"}, {"id": "342", "ano": "2021", "numero": "15", "tipo__sigla": "PS", "tipo__descricao": "Pauta das Sess\u00f5es", "autoria": "", "texto_original": "http://sapl.comodoro.mt.leg.br/media/sapl/public/materialegislativa/2021/342/pauta_2a_sessao_2o_per_-16-08-2021_-_tce.doc", "ementa": "A 2\u00aa (SEGUNDA) SESS\u00c3O ORDIN\u00c1RIA, DO 2\u00ba SEMESTRE DO \u2013 1\u00ba PER\u00cdODO LEGISLATIVO ANO DE 2021"}, {"id": "343", "ano": "2021", "numero": "16", "tipo__sigla": "PS", "tipo__descricao": "Pauta das Sess\u00f5es", "autoria": "", "texto_original": "http://sapl.comodoro.mt.leg.br/media/sapl/public/materialegislativa/2021/343/pauta_3a_sessao_2o_per_-13-09-2021_-_julg._tce.doc", "ementa": "3\u00aa (TERCEIRA) SESS\u00c3O ORDIN\u00c1RIA, DO 2\u00ba SEMESTRE DO \u2013 1\u00ba PER\u00cdODO LEGISLATIVO ANO DE 2021"}, {"id": "344", "ano": "2021", "numero": "17", "tipo__sigla": "PS", "tipo__descricao": "Pauta das Sess\u00f5es", "autoria": "", "texto_original": "http://sapl.comodoro.mt.leg.br/media/sapl/public/materialegislativa/2021/344/pauta_4a_sessao_2o_per_-27-09-2021.doc", "ementa": "A 4\u00aa (QUARTA) SESS\u00c3O ORDIN\u00c1RIA, DO 2\u00ba SEMESTRE DO \u2013 1\u00ba PER\u00cdODO LEGISLATIVO ANO DE 2021"}, {"id": "345", "ano": "2021", "numero": "18", "tipo__sigla": "PS", "tipo__descricao": "Pauta das Sess\u00f5es", "autoria": "", "texto_original": "http://sapl.comodoro.mt.leg.br/media/sapl/public/materialegislativa/2021/345/pauta_5a_sessao_2o_per_-01-10-2021.doc", "ementa": "A 5\u00aa (QUINTA) SESS\u00c3O ORDIN\u00c1RIA, DO 2\u00ba SEMESTRE DO \u2013 1\u00ba PER\u00cdODO LEGISLATIVO ANO DE 2021"}, {"id": "346", "ano": "2021", "numero": "19", "tipo__sigla": "PS", "tipo__descricao": "Pauta das Sess\u00f5es", "autoria": "", "texto_original": "http://sapl.comodoro.mt.leg.br/media/sapl/public/materialegislativa/2021/346/pauta_6a_sessao_2o_per_-18-10-2021.doc", "ementa": "6\u00aa (SEXTA) SESS\u00c3O ORDIN\u00c1RIA, DO 2\u00ba SEMESTRE DO \u2013 1\u00ba PER\u00cdODO LEGISLATIVO ANO DE 2021"}, {"id": "347", "ano": "2021", "numero": "20", "tipo__sigla": "PS", "tipo__descricao": "Pauta das Sess\u00f5es", "autoria": "", "texto_original": "http://sapl.comodoro.mt.leg.br/media/sapl/public/materialegislativa/2021/347/pauta_7a_sessao_2o_per_-08-11-2021.doc", "ementa": "7\u00aa (S\u00c9TIMA) SESS\u00c3O ORDIN\u00c1RIA, DO 2\u00ba SEMESTRE DO \u2013 1\u00ba PER\u00cdODO LEGISLATIVO ANO DE 2021"}, {"id": "348", "ano": "2021", "numero": "21", "tipo__sigla": "PS", "tipo__descricao": "Pauta das Sess\u00f5es", "autoria": "", "texto_original": "http://sapl.comodoro.mt.leg.br/media/sapl/public/materialegislativa/2021/348/pauta_8a_sessao_2o_per_-22-11-2021.doc", "ementa": "8\u00aa (OITAVA) SESS\u00c3O ORDIN\u00c1RIA, DO 2\u00ba SEMESTRE DO \u2013 1\u00ba PER\u00cdODO LEGISLATIVO ANO DE 2021"}, {"id": "349", "ano": "2021", "numero": "22", "tipo__sigla": "PS", "tipo__descricao": "Pauta das Sess\u00f5es", "autoria": "", "texto_original": "http://sapl.comodoro.mt.leg.br/media/sapl/public/materialegislativa/2021/349/pauta_9a_sessao_2o_per_-13-12-2021_-_ii.doc", "ementa": "9\u00aa (NONA) SESS\u00c3O ORDIN\u00c1RIA, DO 2\u00ba SEMESTRE DO \u2013 1\u00ba PER\u00cdODO LEGISLATIVO ANO DE 2021"}, {"id": "400", "ano": "2021", "numero": "23", "tipo__sigla": "PS", "tipo__descricao": "Pauta das Sess\u00f5es", "autoria": "", "texto_original": "http://sapl.comodoro.mt.leg.br/media/sapl/public/materialegislativa/2021/400/roteiro_sessao_solene_-_concessoes_de_honrarias_-__06-12-2021_-_1.doc", "ementa": "1\u00aa (PRIMEIRA) SESS\u00c3O SOLENE, 2\u00ba SEMESTRE DO \u2013 1\u00ba PER\u00cdODO LEGISLATIVO ANO DE 2021"}, {"id": "282", "ano": "2021", "numero": "1", "tipo__sigla": "VN", "tipo__descricao": "Lista de Vota\u00e7\u00e3o Nominal", "autoria": "", "texto_original": "http://sapl.comodoro.mt.leg.br/media/sapl/public/materialegislativa/2021/282/2021.pdf", "ementa": "LISTA DE VOTA\u00c7\u00c3O NOMINAL - JULGAMENTO DAS CONTAS ANUAIS DE GOVERNO DE 2019 - PREFEITO JEFERSON FERREIRA GOMES"}]}