{"headers": {"id": "ID", "ano": "Ano", "numero": "N\u00famero", "tipo__sigla": "Tipo de Mat\u00e9ria Legislativa/Sigla", "tipo__descricao": "Tipo de Mat\u00e9ria Legislativa/Descri\u00e7\u00e3o", "autoria": "Autorias", "texto_original": "Texto Original", "ementa": "Ementa"}, "results": [{"id": "238", "ano": "2019", "numero": "1", "tipo__sigla": "LP", "tipo__descricao": "Presen\u00e7a dos Vereadores nas Sess\u00f5es", "autoria": "C\u00e2mara Municipal - CM", "texto_original": "http://sapl.comodoro.mt.leg.br/media/sapl/public/materialegislativa/2019/238/ano_2019.pdf", "ementa": "LISTA DE PRESEN\u00c7A DOS VEREADORES NAS SESS\u00d5ES ORDIN\u00c1RIAS DE 2019"}, {"id": "240", "ano": "2019", "numero": "2", "tipo__sigla": "LP", "tipo__descricao": "Presen\u00e7a dos Vereadores nas Sess\u00f5es", "autoria": "C\u00e2mara Municipal - CM", "texto_original": "http://sapl.comodoro.mt.leg.br/media/sapl/public/materialegislativa/2019/240/extra_2019.pdf", "ementa": "LISTA DE PRESEN\u00c7A DOS VEREADORES NAS SESS\u00d5ES EXTRAORDIN\u00c1RIAS DE 2019"}]}