{"id":132,"__str__":"Indica\u00e7\u00e3o n\u00ba 3 de 2020","link_detail_backend":"/materia/132","metadata":{},"numero":3,"ano":2020,"numero_protocolo":null,"data_apresentacao":"2020-03-19","tipo_apresentacao":"","data_publicacao":null,"numero_origem_externa":"","ano_origem_externa":null,"data_origem_externa":null,"apelido":"","dias_prazo":null,"data_fim_prazo":null,"em_tramitacao":false,"polemica":false,"objeto":"","complementar":false,"ementa":"Indica ao Chefe do Poder Executivo Municipal, provid\u00eancias quanto a remo\u00e7\u00e3o das dos galhos e tronco das \u00e1rvores secas da Pra\u00e7a \u201cPrefeito Valdir Masutti\u201d, Bairro Cidade Verde, nesta cidade, bem como reposi\u00e7\u00e3o da arboriza\u00e7\u00e3o com plantio de novas mudas de \u00e1rvores adequadas ao local.","indexacao":"","observacao":"","resultado":"","texto_original":"http://sapl.comodoro.mt.leg.br/media/sapl/public/materialegislativa/2020/132/indicacao_no_003-2020.pdf","data_ultima_atualizacao":"2024-04-08T09:48:44.669314-03:00","ip":"45.161.100.161","ultima_edicao":"2024-04-08T09:47:31.238543-03:00","tipo":3,"regime_tramitacao":1,"tipo_origem_externa":null,"local_origem_externa":null,"user":2,"anexadas":[],"autores":[]}