{"id":11,"__str__":"Indica\u00e7\u00e3o n\u00ba 11 de 2021","link_detail_backend":"/materia/11","metadata":{},"numero":11,"ano":2021,"numero_protocolo":null,"data_apresentacao":"2021-12-23","tipo_apresentacao":"E","data_publicacao":"2021-02-25","numero_origem_externa":"","ano_origem_externa":null,"data_origem_externa":null,"apelido":"","dias_prazo":null,"data_fim_prazo":null,"em_tramitacao":false,"polemica":false,"objeto":"","complementar":false,"ementa":"Indica do Chefe do Poder Executivo Municipal, provid\u00eancias emergenciais quanto a reforma e adequa\u00e7\u00e3o da altura das passarelas do canteiro central da Avenida Prefeito Valdir Masutti, nesta cidade.","indexacao":"","observacao":"","resultado":"","texto_original":"http://sapl.comodoro.mt.leg.br/media/sapl/public/materialegislativa/2021/11/indicacao-011-2021.pdf","data_ultima_atualizacao":"2022-02-21T13:08:08.599889-03:00","ip":"45.161.101.247","ultima_edicao":"2022-02-21T13:06:00.520052-03:00","tipo":3,"regime_tramitacao":1,"tipo_origem_externa":null,"local_origem_externa":null,"user":2,"anexadas":[],"autores":[8]}